{"id":53833,"date":"2023-02-20T10:00:00","date_gmt":"2023-02-20T13:00:00","guid":{"rendered":"https:\/\/tvc16.com\/portal\/?p=53833"},"modified":"2023-02-19T10:39:23","modified_gmt":"2023-02-19T13:39:23","slug":"prefeitura-abre-chamamento-para-parcerias-com-instituicoes-de-assistencia-social","status":"publish","type":"post","link":"https:\/\/tvc16.com\/portal\/2023\/02\/20\/prefeitura-abre-chamamento-para-parcerias-com-instituicoes-de-assistencia-social\/","title":{"rendered":"Prefeitura abre chamamento para parcerias com institui\u00e7\u00f5es de assist\u00eancia social"},"content":{"rendered":"\n<p>Darques Junior<\/p>\n\n\n\n<p>A Secretaria de Assist\u00eancia Social, Habita\u00e7\u00e3o e Regulariza\u00e7\u00e3o Fundi\u00e1ria de Petr\u00f3polis, anunciou em seu Di\u00e1rio Oficial um edital para parcerias com institui\u00e7\u00f5es de Assist\u00eancia Social. O objetivo \u00e9 fomentar projetos sociais que auxiliem e atendam a popula\u00e7\u00e3o em vulnerabilidade, risco social e pessoas em situa\u00e7\u00e3o de rua, associadas com problemas de alcoolismo e outras drogas.<\/p>\n\n\n\n<p>Publicado no dia 9 de fevereiro, o edital de N\u00b0 001\/2023\/SASHARF iniciou sua inscri\u00e7\u00e3o na data da publica\u00e7\u00e3o e ter\u00e1 o prazo de 30 dias corridos, at\u00e9 10 de mar\u00e7o, para as institui\u00e7\u00f5es de assist\u00eancia social apresentarem suas propostas. Os projetos dever\u00e3o apresentar objetivos de interesse p\u00fablico e possuir uma experi\u00eancia pr\u00e9via de um ano minimamente, com comprova\u00e7\u00e3o apresentada no momento de apresenta\u00e7\u00e3o do trabalho. Al\u00e9m disso, a organiza\u00e7\u00e3o dever\u00e1 apresentar uma certid\u00e3o de vig\u00eancia jur\u00eddica pelo cart\u00f3rio e possuir instala\u00e7\u00f5es, bem como materiais e capacidades para desenvolver o objetivo da parceria.<\/p>\n\n\n\n<p>Ser\u00e3o disponibilizadas 42 vagas e a disponibilidade de or\u00e7amentos para Organiza\u00e7\u00f5es N\u00e3o Governamentais (ONGs) voltadas \u00e0 educa\u00e7\u00e3o, sa\u00fade, cultura, capacita\u00e7\u00e3o, dentre outros. Al\u00e9m das ONGs, cooperativas com pessoas em situa\u00e7\u00e3o de vulnerabilidade pessoal ou social e organiza\u00e7\u00f5es religiosas que prestem servi\u00e7os sociais e de interesse p\u00fablico, sem v\u00ednculos de convers\u00e3o poder\u00e3o participar deste chamamento. A divulga\u00e7\u00e3o dos resultados preliminares ser\u00e3o divulgados no site oficial da prefeitura &#8211; www.petropolis.rj.gov.br &#8211; no dia 20 de mar\u00e7o e no Di\u00e1rio Oficial da mesma data. A distribui\u00e7\u00e3o de vagas ser\u00e1 efetuada pela Comiss\u00e3o de Sele\u00e7\u00e3o, levando em considera\u00e7\u00e3o as necessidades de servi\u00e7os que cada distrito (terceiro, quarto e quinto distrito) enfrenta.<\/p>\n\n\n\n<p>O valor estimado para as parcerias \u00e9 de R$ 88.200,00, que ser\u00e3o repassados mensalmente de forma proporcional ao valor global dos projetos. Para participar do chamamento de parceria com a prefeitura, o envelope dever\u00e1 ser entregue na sede da Secretaria de Assist\u00eancia Social, Habita\u00e7\u00e3o e Regulariza\u00e7\u00e3o Fundi\u00e1ria, localizada na Avenida Bar\u00e3o do Rio Branco, N\u00b0 2846, no Centro Administrativo da Prefeitura. Para mais informa\u00e7\u00f5es, entre em contato com a secretaria pelos telefones: (24) 2233-8100 e (24) 2233-8122.<\/p>\n","protected":false},"excerpt":{"rendered":"<p>Darques Junior A Secretaria de Assist\u00eancia Social, Habita\u00e7\u00e3o e Regulariza\u00e7\u00e3o Fundi\u00e1ria de Petr\u00f3polis, anunciou em<\/p>\n","protected":false},"author":2,"featured_media":53834,"comment_status":"open","ping_status":"open","sticky":false,"template":"","format":"standard","meta":{"footnotes":""},"categories":[12,21,264,18,19,15,13],"tags":[],"class_list":["post-53833","post","type-post","status-publish","format-standard","has-post-thumbnail","hentry","category-cidade","category-cultura","category-destaque","category-economia","category-educacao","category-politica","category-saude"],"_links":{"self":[{"href":"https:\/\/tvc16.com\/portal\/wp-json\/wp\/v2\/posts\/53833","targetHints":{"allow":["GET"]}}],"collection":[{"href":"https:\/\/tvc16.com\/portal\/wp-json\/wp\/v2\/posts"}],"about":[{"href":"https:\/\/tvc16.com\/portal\/wp-json\/wp\/v2\/types\/post"}],"author":[{"embeddable":true,"href":"https:\/\/tvc16.com\/portal\/wp-json\/wp\/v2\/users\/2"}],"replies":[{"embeddable":true,"href":"https:\/\/tvc16.com\/portal\/wp-json\/wp\/v2\/comments?post=53833"}],"version-history":[{"count":1,"href":"https:\/\/tvc16.com\/portal\/wp-json\/wp\/v2\/posts\/53833\/revisions"}],"predecessor-version":[{"id":53835,"href":"https:\/\/tvc16.com\/portal\/wp-json\/wp\/v2\/posts\/53833\/revisions\/53835"}],"wp:featuredmedia":[{"embeddable":true,"href":"https:\/\/tvc16.com\/portal\/wp-json\/wp\/v2\/media\/53834"}],"wp:attachment":[{"href":"https:\/\/tvc16.com\/portal\/wp-json\/wp\/v2\/media?parent=53833"}],"wp:term":[{"taxonomy":"category","embeddable":true,"href":"https:\/\/tvc16.com\/portal\/wp-json\/wp\/v2\/categories?post=53833"},{"taxonomy":"post_tag","embeddable":true,"href":"https:\/\/tvc16.com\/portal\/wp-json\/wp\/v2\/tags?post=53833"}],"curies":[{"name":"wp","href":"https:\/\/api.w.org\/{rel}","templated":true}]}}