{"id":53839,"date":"2023-02-19T17:59:00","date_gmt":"2023-02-19T20:59:00","guid":{"rendered":"https:\/\/tvc16.com\/portal\/?p=53839"},"modified":"2023-02-19T17:59:01","modified_gmt":"2023-02-19T20:59:01","slug":"chuva-recorde-deixa-3-mortos-interdita-estradas-e-poe-cidade-em-estado-de-calamidade-no-litoral-norte-de-sp","status":"publish","type":"post","link":"https:\/\/tvc16.com\/portal\/2023\/02\/19\/chuva-recorde-deixa-3-mortos-interdita-estradas-e-poe-cidade-em-estado-de-calamidade-no-litoral-norte-de-sp\/","title":{"rendered":"Chuva recorde deixa 3 mortos, interdita estradas e p\u00f5e cidade em estado de calamidade no litoral norte de SP"},"content":{"rendered":"\n<p><em>Francisco Lima Neto, Clayton Castelani e Claudio Oliveira &#8211; FolhaPress<\/em><\/p>\n\n\n\n<p>As fortes chuvas que atingem o litoral norte de S\u00e3o Paulo desde s\u00e1bado, 18, deixaram um rastro de destrui\u00e7\u00e3o e mortes. Uma menina de 7 anos morreu em um deslizamento de terra em Ubatuba, no bairro Estufa, um homem de 30 anos, no morro do Esquim\u00f3 e um beb\u00ea de nove meses, em Camburi, todos na cidade de S\u00e3o Sebasti\u00e3o., que decretou estado de calamidade p\u00fablica neste domingo (19). O Prefeito de S\u00e3o Sebasti\u00e3o, Felipe Augusto (PSDB), informou que h\u00e1 ao menos 30 feridos, dos quais 10 est\u00e3o em estado grave e \u00e9 grande a possibilidade de que o n\u00famero de \u00f3bitos confirmados aumente quando as equipes de resgate chegarem aos locais dos soterramentos.<\/p>\n\n\n\n<figure class=\"wp-block-image size-full\"><img loading=\"lazy\" decoding=\"async\" width=\"798\" height=\"480\" src=\"https:\/\/tvc16.com\/portal\/wp-content\/uploads\/2023\/02\/sao-sebastiao-4.png\" alt=\"\" class=\"wp-image-53842\" srcset=\"https:\/\/tvc16.com\/portal\/wp-content\/uploads\/2023\/02\/sao-sebastiao-4.png 798w, https:\/\/tvc16.com\/portal\/wp-content\/uploads\/2023\/02\/sao-sebastiao-4-300x180.png 300w, https:\/\/tvc16.com\/portal\/wp-content\/uploads\/2023\/02\/sao-sebastiao-4-768x462.png 768w\" sizes=\"auto, (max-width: 798px) 100vw, 798px\" \/><figcaption class=\"wp-element-caption\">Corrente humana para salvar beb\u00eas e crian\u00e7as <\/figcaption><\/figure>\n\n\n\n<p><br>De acordo com o governo do estado, em menos de 24 horas o acumulado de chuva ultrapassou os 600 mm em alguns pontos do litoral. As \u00e1reas mais atingidas est\u00e3o entre Bertioga (683 mm) e S\u00e3o Sebasti\u00e3o (627 mm). Tais \u00edndices pluviom\u00e9tricos s\u00e3o dos maiores j\u00e1 registrados no pa\u00eds em curto per\u00edodo e em situa\u00e7\u00e3o n\u00e3o decorrente de ciclone tropical.<\/p>\n\n\n\n<figure class=\"wp-block-image size-full\"><img loading=\"lazy\" decoding=\"async\" width=\"886\" height=\"452\" src=\"https:\/\/tvc16.com\/portal\/wp-content\/uploads\/2023\/02\/sao-sebastiao-1-1.png\" alt=\"\" class=\"wp-image-53843\" srcset=\"https:\/\/tvc16.com\/portal\/wp-content\/uploads\/2023\/02\/sao-sebastiao-1-1.png 886w, https:\/\/tvc16.com\/portal\/wp-content\/uploads\/2023\/02\/sao-sebastiao-1-1-300x153.png 300w, https:\/\/tvc16.com\/portal\/wp-content\/uploads\/2023\/02\/sao-sebastiao-1-1-768x392.png 768w\" sizes=\"auto, (max-width: 886px) 100vw, 886px\" \/><\/figure>\n\n\n\n<p><br>A chuva tamb\u00e9m impactou o fornecimento de \u00e1gua. Segundo o governo do estado, algumas esta\u00e7\u00f5es de tratamento foram afetadas pela enxurrada, que arrastou troncos, pedras e muita lama, e t\u00e9cnicos da Sabesp tentam desde a madrugada restabelecer o servi\u00e7o. Caminh\u00f5es-pipa est\u00e3o dispon\u00edveis para hospitais e \u00e1reas mais afetadas. A recomenda\u00e7\u00e3o \u00e9 que as pessoas economizem \u00e1gua.<\/p>\n\n\n\n<figure class=\"wp-block-image size-full\"><img loading=\"lazy\" decoding=\"async\" width=\"787\" height=\"342\" src=\"https:\/\/tvc16.com\/portal\/wp-content\/uploads\/2023\/02\/sao-sebastiao-3.png\" alt=\"\" class=\"wp-image-53844\" srcset=\"https:\/\/tvc16.com\/portal\/wp-content\/uploads\/2023\/02\/sao-sebastiao-3.png 787w, https:\/\/tvc16.com\/portal\/wp-content\/uploads\/2023\/02\/sao-sebastiao-3-300x130.png 300w, https:\/\/tvc16.com\/portal\/wp-content\/uploads\/2023\/02\/sao-sebastiao-3-768x334.png 768w\" sizes=\"auto, (max-width: 787px) 100vw, 787px\" \/><\/figure>\n\n\n\n<p><br>A programa\u00e7\u00e3o do Carnaval foi cancelada. Segundo o prefeito, n\u00e3o \u00e9 poss\u00edvel chegar \u00e0 cidade por nenhuma estrada, pois todas est\u00e3o isoladas. A Prefeitura de S\u00e3o Sebasti\u00e3o abriu escolas para receber fam\u00edlias desabrigadas. <br>O governador de S\u00e3o Paulo, Tarc\u00edsio de Freitas (Republicanos), acompanhado do coordenador estadual da Defesa Civil, coronel Henguel Ricardo Pereira, est\u00e1 na regi\u00e3o e afirmou que a prioridade \u00e9 liberar as vias para que o socorro consiga chegar.<br>Ser\u00e3o usados helic\u00f3pteros das For\u00e7as Armadas e da Pol\u00edcia Militar no resgate, e os feridos ser\u00e3o transferidos para hospitais de Caraguatatuba e de S\u00e3o Paulo. Um comit\u00ea para gerenciar as a\u00e7\u00f5es de atendimento aos desalojados e desabrigados foi montado.<br><\/p>\n\n\n\n<p><br><\/p>\n","protected":false},"excerpt":{"rendered":"<p>Francisco Lima Neto, Clayton Castelani e Claudio Oliveira &#8211; FolhaPress As fortes chuvas que atingem<\/p>\n","protected":false},"author":2,"featured_media":53840,"comment_status":"open","ping_status":"open","sticky":false,"template":"","format":"standard","meta":{"footnotes":""},"categories":[264,18,19,17,14,15,13],"tags":[],"class_list":["post-53839","post","type-post","status-publish","format-standard","has-post-thumbnail","hentry","category-destaque","category-economia","category-educacao","category-outras-noticias","category-pais","category-politica","category-saude"],"_links":{"self":[{"href":"https:\/\/tvc16.com\/portal\/wp-json\/wp\/v2\/posts\/53839","targetHints":{"allow":["GET"]}}],"collection":[{"href":"https:\/\/tvc16.com\/portal\/wp-json\/wp\/v2\/posts"}],"about":[{"href":"https:\/\/tvc16.com\/portal\/wp-json\/wp\/v2\/types\/post"}],"author":[{"embeddable":true,"href":"https:\/\/tvc16.com\/portal\/wp-json\/wp\/v2\/users\/2"}],"replies":[{"embeddable":true,"href":"https:\/\/tvc16.com\/portal\/wp-json\/wp\/v2\/comments?post=53839"}],"version-history":[{"count":1,"href":"https:\/\/tvc16.com\/portal\/wp-json\/wp\/v2\/posts\/53839\/revisions"}],"predecessor-version":[{"id":53845,"href":"https:\/\/tvc16.com\/portal\/wp-json\/wp\/v2\/posts\/53839\/revisions\/53845"}],"wp:featuredmedia":[{"embeddable":true,"href":"https:\/\/tvc16.com\/portal\/wp-json\/wp\/v2\/media\/53840"}],"wp:attachment":[{"href":"https:\/\/tvc16.com\/portal\/wp-json\/wp\/v2\/media?parent=53839"}],"wp:term":[{"taxonomy":"category","embeddable":true,"href":"https:\/\/tvc16.com\/portal\/wp-json\/wp\/v2\/categories?post=53839"},{"taxonomy":"post_tag","embeddable":true,"href":"https:\/\/tvc16.com\/portal\/wp-json\/wp\/v2\/tags?post=53839"}],"curies":[{"name":"wp","href":"https:\/\/api.w.org\/{rel}","templated":true}]}}