{"id":53846,"date":"2023-02-20T11:00:00","date_gmt":"2023-02-20T14:00:00","guid":{"rendered":"https:\/\/tvc16.com\/portal\/?p=53846"},"modified":"2023-02-19T18:14:50","modified_gmt":"2023-02-19T21:14:50","slug":"cooperativa-abre-160-vagas-para-aula-de-musica-gratuita-em-comunidades","status":"publish","type":"post","link":"https:\/\/tvc16.com\/portal\/2023\/02\/20\/cooperativa-abre-160-vagas-para-aula-de-musica-gratuita-em-comunidades\/","title":{"rendered":"Cooperativa abre 160 vagas para aula de m\u00fasica gratuita em comunidades"},"content":{"rendered":"\n<p><em>Alana Gandra \u2013 Ag\u00eancia Brasil &#8211; Rio de Janeiro<\/em><\/p>\n\n\n\n<p>A Cooperativa Unijazz Brasil retoma, no pr\u00f3ximo dia 28, o projeto Transformando Sonhos, de aulas de m\u00fasica gratuitas para crian\u00e7as e jovens (de 10 a 18 anos) de comunidades carentes da regi\u00e3o metropolitana do Rio de Janeiro.<\/p>\n\n\n\n<p>O projeto come\u00e7ou em 2018, mas foi suspenso em 2020, em fun\u00e7\u00e3o da pandemia do novo coronav\u00edrus. Neste ano, o Transformando Sonhos chega a uma nova pra\u00e7a: a comunidade Jardim Catarina, no munic\u00edpio de S\u00e3o Gon\u00e7alo.<\/p>\n\n\n\n<p>As aulas gratuitas te\u00f3ricas e pr\u00e1ticas de viol\u00e3o, percuss\u00e3o, flauta doce e escaleta, al\u00e9m de canto, voltam a ser ministradas tamb\u00e9m nas comunidades da Chatuba, em Mesquita, na Baixada Fluminense; a Cidade de Deus, em Jacarepagu\u00e1, zona oeste do Rio; e Pilares, zona norte da capital.<\/p>\n\n\n\n<p>Ao todo, a Cooperativa Unijazz Brasil est\u00e1 abrindo 160 vagas para os quatro polos do projeto, que funciona em igrejas e associa\u00e7\u00f5es de moradores, com uma aula semanal para turmas de 40 alunos, at\u00e9 o final do ano. Para se inscrever, \u00e9 preciso solicitar o formul\u00e1rio pelo telefone Whatsapp (21) 97194-6759.<\/p>\n\n\n\n<p>\u201cAs aulas acontecem no contra turno. Quem estuda de manh\u00e3 tem aulas \u00e0 tarde e vice-versa\u201d, informou o vice-presidente da Unijazz Brasil, Mois\u00e9s Pedro, que acrescentou: \u201cs\u00e3o duas aulas em um dia: uma aula te\u00f3rica e outra pr\u00e1tica\u201d.<\/p>\n\n\n\n<h2 class=\"wp-block-heading\">Perspectiva<\/h2>\n\n\n\n<p>Para o final deste ano, a ideia \u00e9 fazer uma grande apresenta\u00e7\u00e3o reunindo todos os professores e alunos dos quatro polos junto aos 20 m\u00fasicos da Orquestra Unijazz Brasil.<\/p>\n\n\n\n<p>\u201cVai ser a primeira vez que isso acontecer\u00e1. A gente est\u00e1 conversando com a Cidade das Artes para fazer uma grande apresenta\u00e7\u00e3o, junto com a orquestra\u201d, disse Mois\u00e9s Pedro.<\/p>\n\n\n\n<p>J\u00e1 para 2024, a meta da cooperativa \u00e9 levar o projeto para outras comunidades, al\u00e9m de firmar parcerias para a capta\u00e7\u00e3o de recursos, com objetivo de custear o material de estudo para os alunos e, ainda, remunerar os professores.<\/p>\n\n\n\n<figure class=\"wp-block-image\"><img decoding=\"async\" src=\"https:\/\/agenciabrasil.ebc.com.br\/ebc.png?id=1510916&amp;o=node\" alt=\"\"\/><\/figure>\n\n\n\n<figure class=\"wp-block-image\"><img decoding=\"async\" src=\"https:\/\/agenciabrasil.ebc.com.br\/ebc.gif?id=1510916&amp;o=node\" alt=\"\"\/><\/figure>\n","protected":false},"excerpt":{"rendered":"<p>Alana Gandra \u2013 Ag\u00eancia Brasil &#8211; Rio de Janeiro A Cooperativa Unijazz Brasil retoma, no<\/p>\n","protected":false},"author":2,"featured_media":53847,"comment_status":"open","ping_status":"open","sticky":false,"template":"","format":"standard","meta":{"footnotes":""},"categories":[264,18,19,17,15,118],"tags":[],"class_list":["post-53846","post","type-post","status-publish","format-standard","has-post-thumbnail","hentry","category-destaque","category-economia","category-educacao","category-outras-noticias","category-politica","category-programacao"],"_links":{"self":[{"href":"https:\/\/tvc16.com\/portal\/wp-json\/wp\/v2\/posts\/53846","targetHints":{"allow":["GET"]}}],"collection":[{"href":"https:\/\/tvc16.com\/portal\/wp-json\/wp\/v2\/posts"}],"about":[{"href":"https:\/\/tvc16.com\/portal\/wp-json\/wp\/v2\/types\/post"}],"author":[{"embeddable":true,"href":"https:\/\/tvc16.com\/portal\/wp-json\/wp\/v2\/users\/2"}],"replies":[{"embeddable":true,"href":"https:\/\/tvc16.com\/portal\/wp-json\/wp\/v2\/comments?post=53846"}],"version-history":[{"count":1,"href":"https:\/\/tvc16.com\/portal\/wp-json\/wp\/v2\/posts\/53846\/revisions"}],"predecessor-version":[{"id":53848,"href":"https:\/\/tvc16.com\/portal\/wp-json\/wp\/v2\/posts\/53846\/revisions\/53848"}],"wp:featuredmedia":[{"embeddable":true,"href":"https:\/\/tvc16.com\/portal\/wp-json\/wp\/v2\/media\/53847"}],"wp:attachment":[{"href":"https:\/\/tvc16.com\/portal\/wp-json\/wp\/v2\/media?parent=53846"}],"wp:term":[{"taxonomy":"category","embeddable":true,"href":"https:\/\/tvc16.com\/portal\/wp-json\/wp\/v2\/categories?post=53846"},{"taxonomy":"post_tag","embeddable":true,"href":"https:\/\/tvc16.com\/portal\/wp-json\/wp\/v2\/tags?post=53846"}],"curies":[{"name":"wp","href":"https:\/\/api.w.org\/{rel}","templated":true}]}}