{"id":53852,"date":"2023-02-20T09:43:01","date_gmt":"2023-02-20T12:43:01","guid":{"rendered":"https:\/\/tvc16.com\/portal\/?p=53852"},"modified":"2023-02-20T09:43:01","modified_gmt":"2023-02-20T12:43:01","slug":"sao-sebastiao-tem-ao-menos-40-desaparecidos-diz-governador-de-sao-paulo","status":"publish","type":"post","link":"https:\/\/tvc16.com\/portal\/2023\/02\/20\/sao-sebastiao-tem-ao-menos-40-desaparecidos-diz-governador-de-sao-paulo\/","title":{"rendered":"S\u00e3o Sebasti\u00e3o tem ao menos 40 desaparecidos, diz Governador de S\u00e3o Paulo"},"content":{"rendered":"\n<p>Francisco Lima Neto &#8211; FolhaPress<\/p>\n\n\n\n<p>A cidade de S\u00e3o Sebasti\u00e3o (197 km de SP), uma das mais afetadas pelos desastres das chuvas no final de semana (18 e 19) no litoral norte paulista, tem, at\u00e9 o momento, 40 pessoas desaparecidas, de acordo com o governador Tarc\u00edsio de Freitas (Republicanos). <\/p>\n\n\n\n<p>O presidente Luiz In\u00e1cio Lula da Silva visita\u00a0hoje\u00a0(20) as \u00e1reas afetadas pelas fortes chuvas e desabamentos no litoral paulista, especialmente em S\u00e3o Sebasti\u00e3o. Em mensagem divulgada\u00a0ontem \u00e0 noite\u00a0no Twitter, Lula disse que ser\u00e3o reunidos todos os n\u00edveis de governo e, com a solidariedade da sociedade, atender feridos, buscar desaparecidos, restabelecer as rodovias, liga\u00e7\u00f5es de energia e telecomunica\u00e7\u00f5es na regi\u00e3o. Ele lamentou as mortes e manifestou solidariedade \u00e0s fam\u00edlias.<\/p>\n\n\n\n<figure class=\"wp-block-image size-full\"><img loading=\"lazy\" decoding=\"async\" width=\"975\" height=\"550\" src=\"https:\/\/tvc16.com\/portal\/wp-content\/uploads\/2023\/02\/Screenshot_1.jpg\" alt=\"\" class=\"wp-image-53854\" srcset=\"https:\/\/tvc16.com\/portal\/wp-content\/uploads\/2023\/02\/Screenshot_1.jpg 975w, https:\/\/tvc16.com\/portal\/wp-content\/uploads\/2023\/02\/Screenshot_1-300x169.jpg 300w, https:\/\/tvc16.com\/portal\/wp-content\/uploads\/2023\/02\/Screenshot_1-768x433.jpg 768w\" sizes=\"auto, (max-width: 975px) 100vw, 975px\" \/><\/figure>\n\n\n\n<p><br>A atualiza\u00e7\u00e3o do n\u00famero foi feita pelo governador na manh\u00e3 desta segunda-feira, 20. Contudo, o n\u00famero pode ser ainda maior j\u00e1 que muitas pessoas est\u00e3o sob escombros. &#8220;N\u00f3s temos 36 desaparecidos na Barra do Sahy e, em Juquehy, n\u00f3s temos a informa\u00e7\u00e3o de ter mais quatro desaparecidos. A gente vai atualizar esse n\u00famero ao longo do dia. As equipes j\u00e1 foram para a regi\u00e3o fazer buscas e a gente est\u00e1 refor\u00e7ando o efetivo&#8221;, disse o governador.<\/p>\n\n\n\n<p><br>Tarc\u00edsio disse que as equipes j\u00e1 est\u00e3o conseguindo chegar at\u00e9 Maresias e o planejamento \u00e9 acessar a Barra do Sahy por via terrestre ainda hoje. Mais bombeiros est\u00e3o sendo enviados para a regi\u00e3o para tentar encontrar sobreviventes nas \u00e1reas onde houve desabamentos. O levantamento das 22h45 deste domingo soma 36 pessoas mortas, sendo 35 em S\u00e3o Sebasti\u00e3o e uma em Ubatuba (220 km de SP).<\/p>\n\n\n\n<p><br>Segundo o governador, os feridos foram encaminhados para o hospital de Caraguatatuba. Os feridos mais graves tinham le\u00f5es na coluna cervical e traumatismo craniano, disse. Foi montado um esquema para atendimento tamb\u00e9m em S\u00e3o Jos\u00e9 dos Campos e no Hospital das Cl\u00ednicas de S\u00e3o Paulo, caso seja necess\u00e1rio. O governador refor\u00e7ou que a a\u00e7\u00e3o mais importante agora \u00e9 procurar sobreviventes, verificar a dimens\u00e3o dos estragos e iniciar a reconstru\u00e7\u00e3o dos locais atingidos.<\/p>\n\n\n\n<p><br>As operadoras de telefonia, confirmaram ontem, no final do dia, que os sistemas de telefone e internet nas cidades do litoral norte sofrem com instabilidade porque as redes foram danificadas pelas chuvas, quedas de \u00e1rvores e deslizamentos, o que dificulta ainda mais a situa\u00e7\u00e3o.<\/p>\n\n\n\n<p><br>Muitas pessoas n\u00e3o conseguem contato com parentes que vivem na regi\u00e3o, mas a orienta\u00e7\u00e3o da Defesa Civil estadual \u00e9 de que a popula\u00e7\u00e3o evite ir para o litoral norte at\u00e9 que a situa\u00e7\u00e3o esteja controlada.<br>As fortes chuvas que atingiram o litoral norte de S\u00e3o Paulo desde s\u00e1bado deixaram um rastro de destrui\u00e7\u00e3o e mortes. De acordo com a Defesa Civil do estado, al\u00e9m das mortes j\u00e1 confirmadas, h\u00e1 tamb\u00e9m 228 pessoas desalojadas e 338 desabrigadas.<\/p>\n\n\n\n<p><br>Entre os mortos h\u00e1 uma crian\u00e7a de 7 anos, que morreu em um deslizamento de terra em Ubatuba. Os outros 35 mortos s\u00e3o de S\u00e3o Sebasti\u00e3o, a cidade mais afetada pelo temporal -31 \u00f3bitos na Barra do Sahy, 2 em Juquehy, 1 em Camburi, e 1 em Boi\u00e7ucanga.<\/p>\n\n\n\n<p><br>No in\u00edcio da noite deste domingo, o governador Tarc\u00edsio decretou estado de calamidade p\u00fablica para as cidades de Ubatuba, S\u00e3o Sebasti\u00e3o, Ilhabela, Caraguatatuba, todas no litoral norte de S\u00e3o Paulo, al\u00e9m de Bertioga.<\/p>\n\n\n\n<p><br>De acordo com o governo do estado, em menos de 24 horas o acumulado de chuva ultrapassou os 600 mm em alguns pontos do litoral. As \u00e1reas mais atingidas est\u00e3o entre Bertioga (683 mm) e S\u00e3o Sebasti\u00e3o (627 mm). Tais \u00edndices pluviom\u00e9tricos s\u00e3o dos maiores j\u00e1 registrados no pa\u00eds em curto per\u00edodo e em situa\u00e7\u00e3o n\u00e3o decorrente de ciclone tropical.<\/p>\n\n\n\n<p><br>O Corpo de Bombeiros informou que recebeu um n\u00famero recorde de chamadas para socorro &#8211; s\u00f3 para S\u00e3o Sebasti\u00e3o foram 481 solicita\u00e7\u00f5es.<\/p>\n","protected":false},"excerpt":{"rendered":"<p>Francisco Lima Neto &#8211; FolhaPress A cidade de S\u00e3o Sebasti\u00e3o (197 km de SP), uma<\/p>\n","protected":false},"author":2,"featured_media":53853,"comment_status":"open","ping_status":"open","sticky":false,"template":"","format":"standard","meta":{"footnotes":""},"categories":[264,17,14],"tags":[],"class_list":["post-53852","post","type-post","status-publish","format-standard","has-post-thumbnail","hentry","category-destaque","category-outras-noticias","category-pais"],"_links":{"self":[{"href":"https:\/\/tvc16.com\/portal\/wp-json\/wp\/v2\/posts\/53852","targetHints":{"allow":["GET"]}}],"collection":[{"href":"https:\/\/tvc16.com\/portal\/wp-json\/wp\/v2\/posts"}],"about":[{"href":"https:\/\/tvc16.com\/portal\/wp-json\/wp\/v2\/types\/post"}],"author":[{"embeddable":true,"href":"https:\/\/tvc16.com\/portal\/wp-json\/wp\/v2\/users\/2"}],"replies":[{"embeddable":true,"href":"https:\/\/tvc16.com\/portal\/wp-json\/wp\/v2\/comments?post=53852"}],"version-history":[{"count":1,"href":"https:\/\/tvc16.com\/portal\/wp-json\/wp\/v2\/posts\/53852\/revisions"}],"predecessor-version":[{"id":53855,"href":"https:\/\/tvc16.com\/portal\/wp-json\/wp\/v2\/posts\/53852\/revisions\/53855"}],"wp:featuredmedia":[{"embeddable":true,"href":"https:\/\/tvc16.com\/portal\/wp-json\/wp\/v2\/media\/53853"}],"wp:attachment":[{"href":"https:\/\/tvc16.com\/portal\/wp-json\/wp\/v2\/media?parent=53852"}],"wp:term":[{"taxonomy":"category","embeddable":true,"href":"https:\/\/tvc16.com\/portal\/wp-json\/wp\/v2\/categories?post=53852"},{"taxonomy":"post_tag","embeddable":true,"href":"https:\/\/tvc16.com\/portal\/wp-json\/wp\/v2\/tags?post=53852"}],"curies":[{"name":"wp","href":"https:\/\/api.w.org\/{rel}","templated":true}]}}