{"id":53856,"date":"2023-02-20T11:34:44","date_gmt":"2023-02-20T14:34:44","guid":{"rendered":"https:\/\/tvc16.com\/portal\/?p=53856"},"modified":"2023-02-20T11:34:45","modified_gmt":"2023-02-20T14:34:45","slug":"apos-prefeitura-de-petropolis-acionar-justica-e-montar-forca-tarefa-mais-de-22-mil-clientes-tiveram-energia-eletrica-restabelecida","status":"publish","type":"post","link":"https:\/\/tvc16.com\/portal\/2023\/02\/20\/apos-prefeitura-de-petropolis-acionar-justica-e-montar-forca-tarefa-mais-de-22-mil-clientes-tiveram-energia-eletrica-restabelecida\/","title":{"rendered":"Ap\u00f3s Prefeitura de Petr\u00f3polis acionar Justi\u00e7a e montar for\u00e7a-tarefa, mais de 2,2 mil clientes tiveram energia el\u00e9trica restabelecida"},"content":{"rendered":"\n<p>Ap\u00f3s o prefeito Rubens Bomtempo determinar a presen\u00e7a de 70 agentes, 24 viaturas e dois caminh\u00f5es para apoiar o trabalho da Enel Distribui\u00e7\u00e3o Rio no restabelecimento de energia el\u00e9trica, mais de 2,2 mil clientes de Petr\u00f3polis tiveram o servi\u00e7o retomado. Neste domingo (19), equipes atenderam 209 ocorr\u00eancias. A a\u00e7\u00e3o acontece um dia ap\u00f3s a Prefeitura ter obtido, na Justi\u00e7a, decis\u00e3o que obriga a Enel a garantir o fornecimento de energia dos clientes afetados em at\u00e9 24 horas ap\u00f3s a suspens\u00e3o, em \u00e1reas urbanas; e em at\u00e9 48 horas, no caso de moradores de \u00e1reas rurais.<\/p>\n\n\n\n<p>Na manh\u00e3 de s\u00e1bado (18), Bomtempo convocou uma reuni\u00e3o de emerg\u00eancia que contou com representantes da Enel Distribui\u00e7\u00e3o Rio; do Corpo de Bombeiros, de t\u00e9cnicos do governo e dos secret\u00e1rios Gil Kempers (Defesa Civil), Almir Schmidt (Servi\u00e7os, Seguran\u00e7a e Ordem P\u00fablica), Cedenyr Vieira (diretor-presidente da Comdep), Marcus S\u00e3o Thiago (Articula\u00e7\u00e3o Institucional) e Obras (Ronaldo Ramos), para alinhar um cronograma de atendimento emergencial. O presidente da C\u00e2mara, J\u00fanior Coruja, e os vereadores L\u00e9o Fran\u00e7a e Gil Magno tamb\u00e9m estiveram presentes.<\/p>\n\n\n\n<p>\u201cDe forma colaborativa colocamos um grande efetivo de pessoal e equipamentos \u00e0 disposi\u00e7\u00e3o da Enel. O restabelecimento da energia el\u00e9trica \u00e9 prioridade. Por isso, a Prefeitura acionou a Enel na Justi\u00e7a para garantir o restabelecimento da energia. Em pontos mais distantes do Centro, como no Brejal, moradores chegaram a ficar cinco dias sem luz, o que \u00e9 um absurdo. N\u00e3o podemos permitir que esse tipo de situa\u00e7\u00e3o aconte\u00e7a\u201d, disse o prefeito Rubens Bomtempo.<\/p>\n\n\n\n<p>Para atender a grande demanda, a Prefeitura refor\u00e7ou o servi\u00e7o com 70 agentes, 24 viaturas e dois caminh\u00f5es para acelerar o restabelecimento do servi\u00e7o essencial. A for\u00e7a-tarefa montada pela Prefeitura vai continuar atuando em apoio \u00e0 Enel at\u00e9 o restabelecimento completo da energia no munic\u00edpio. Segundo a concession\u00e1ria, oito localidades ainda est\u00e3o sem o fornecimento completo da energia.<\/p>\n\n\n\n<p>\u201cS\u00f3 vamos desmobilizar as equipes da Prefeitura quando todo o munic\u00edpio estiver com a energia normalizada. Vamos continuar cobrando mais efic\u00e1cia no servi\u00e7o prestado \u00e0 popula\u00e7\u00e3o\u201d, ressaltou o prefeito.<\/p>\n","protected":false},"excerpt":{"rendered":"<p>Ap\u00f3s o prefeito Rubens Bomtempo determinar a presen\u00e7a de 70 agentes, 24 viaturas e dois<\/p>\n","protected":false},"author":2,"featured_media":53857,"comment_status":"open","ping_status":"open","sticky":false,"template":"","format":"standard","meta":{"footnotes":""},"categories":[12],"tags":[],"class_list":["post-53856","post","type-post","status-publish","format-standard","has-post-thumbnail","hentry","category-cidade"],"_links":{"self":[{"href":"https:\/\/tvc16.com\/portal\/wp-json\/wp\/v2\/posts\/53856","targetHints":{"allow":["GET"]}}],"collection":[{"href":"https:\/\/tvc16.com\/portal\/wp-json\/wp\/v2\/posts"}],"about":[{"href":"https:\/\/tvc16.com\/portal\/wp-json\/wp\/v2\/types\/post"}],"author":[{"embeddable":true,"href":"https:\/\/tvc16.com\/portal\/wp-json\/wp\/v2\/users\/2"}],"replies":[{"embeddable":true,"href":"https:\/\/tvc16.com\/portal\/wp-json\/wp\/v2\/comments?post=53856"}],"version-history":[{"count":1,"href":"https:\/\/tvc16.com\/portal\/wp-json\/wp\/v2\/posts\/53856\/revisions"}],"predecessor-version":[{"id":53858,"href":"https:\/\/tvc16.com\/portal\/wp-json\/wp\/v2\/posts\/53856\/revisions\/53858"}],"wp:featuredmedia":[{"embeddable":true,"href":"https:\/\/tvc16.com\/portal\/wp-json\/wp\/v2\/media\/53857"}],"wp:attachment":[{"href":"https:\/\/tvc16.com\/portal\/wp-json\/wp\/v2\/media?parent=53856"}],"wp:term":[{"taxonomy":"category","embeddable":true,"href":"https:\/\/tvc16.com\/portal\/wp-json\/wp\/v2\/categories?post=53856"},{"taxonomy":"post_tag","embeddable":true,"href":"https:\/\/tvc16.com\/portal\/wp-json\/wp\/v2\/tags?post=53856"}],"curies":[{"name":"wp","href":"https:\/\/api.w.org\/{rel}","templated":true}]}}