{"id":53859,"date":"2023-02-20T11:37:53","date_gmt":"2023-02-20T14:37:53","guid":{"rendered":"https:\/\/tvc16.com\/portal\/?p=53859"},"modified":"2023-02-20T11:37:54","modified_gmt":"2023-02-20T14:37:54","slug":"prefeitura-de-petropolis-apresenta-panorama-de-acoes-de-recuperacao-e-prevencao-as-chuvas-para-o-conselho-empresarial-da-firjan","status":"publish","type":"post","link":"https:\/\/tvc16.com\/portal\/2023\/02\/20\/prefeitura-de-petropolis-apresenta-panorama-de-acoes-de-recuperacao-e-prevencao-as-chuvas-para-o-conselho-empresarial-da-firjan\/","title":{"rendered":"Prefeitura de Petr\u00f3polis apresenta panorama de a\u00e7\u00f5es de recupera\u00e7\u00e3o e preven\u00e7\u00e3o \u00e0s chuvas para o Conselho Empresarial da Firjan"},"content":{"rendered":"\n<p>O prefeito Rubens Bomtempo, se reuniu com o Conselho Empresarial da Firjan Serrana, na \u00faltima quinta-feira (16), para apresentar um panorama das a\u00e7\u00f5es realizadas e o planejamento preventivo da Prefeitura ap\u00f3s as cat\u00e1strofes clim\u00e1ticas que atingiram o munic\u00edpio.<\/p>\n\n\n\n<p>A diretora do departamento de obras p\u00fablicas, J\u00e9ssica Seabra, apresentou um balan\u00e7o das a\u00e7\u00f5es de curto prazo, sendo as obras j\u00e1 realizadas e de restabelecimento da cidade, e o planejamento das obras a m\u00e9dio e longo prazo, que s\u00e3o obras estruturantes e de reconstru\u00e7\u00e3o.<\/p>\n\n\n\n<p>\u201cEssas a\u00e7\u00f5es em curto prazo foram essenciais para a desobstru\u00e7\u00e3o e reparos em vias, remo\u00e7\u00e3o de escombros, entre outras a\u00e7\u00f5es emergenciais que realizamos para a retomada da cidade. Nesse momento estamos com algumas grandes obras sendo iniciadas e outras em fase de projetos. A obra do Morro da Oficia, que foi dividida em tr\u00eas etapas, j\u00e1 foi iniciada. A segunda etapa ter\u00e1 inicio nos pr\u00f3ximos dias, e fase tr\u00eas est\u00e1 em fase de projeto, sendo constru\u00eddo junto com os moradores. Na vila Felipe tamb\u00e9m j\u00e1 iniciamos a obra de recupera\u00e7\u00e3o e preven\u00e7\u00e3o da \u00e1rea. A prefeitura tamb\u00e9m est\u00e1 garantindo algumas obras que eram de responsabilidade do governo do estado, como a Ch\u00e1cara Flora e o Sargento Boening\u201d, explicou o Prefeito Rubens Bomtempo.<\/p>\n\n\n\n<p>O prefeito tamb\u00e9m ressaltou que al\u00e9m das obras estruturantes \u00e9 importante que haja um plano de preven\u00e7\u00e3o, que s\u00f3 \u00e9 poss\u00edvel com o fortalecimento da defesa civil. \u201cN\u00f3s avan\u00e7amos muito na estrutura\u00e7\u00e3o da defesa civil, com pessoal e estudo para atuar durante todo o ano na preven\u00e7\u00e3o\u201d, disse.<\/p>\n","protected":false},"excerpt":{"rendered":"<p>O prefeito Rubens Bomtempo, se reuniu com o Conselho Empresarial da Firjan Serrana, na \u00faltima<\/p>\n","protected":false},"author":2,"featured_media":53860,"comment_status":"open","ping_status":"open","sticky":false,"template":"","format":"standard","meta":{"footnotes":""},"categories":[12],"tags":[],"class_list":["post-53859","post","type-post","status-publish","format-standard","has-post-thumbnail","hentry","category-cidade"],"_links":{"self":[{"href":"https:\/\/tvc16.com\/portal\/wp-json\/wp\/v2\/posts\/53859","targetHints":{"allow":["GET"]}}],"collection":[{"href":"https:\/\/tvc16.com\/portal\/wp-json\/wp\/v2\/posts"}],"about":[{"href":"https:\/\/tvc16.com\/portal\/wp-json\/wp\/v2\/types\/post"}],"author":[{"embeddable":true,"href":"https:\/\/tvc16.com\/portal\/wp-json\/wp\/v2\/users\/2"}],"replies":[{"embeddable":true,"href":"https:\/\/tvc16.com\/portal\/wp-json\/wp\/v2\/comments?post=53859"}],"version-history":[{"count":1,"href":"https:\/\/tvc16.com\/portal\/wp-json\/wp\/v2\/posts\/53859\/revisions"}],"predecessor-version":[{"id":53861,"href":"https:\/\/tvc16.com\/portal\/wp-json\/wp\/v2\/posts\/53859\/revisions\/53861"}],"wp:featuredmedia":[{"embeddable":true,"href":"https:\/\/tvc16.com\/portal\/wp-json\/wp\/v2\/media\/53860"}],"wp:attachment":[{"href":"https:\/\/tvc16.com\/portal\/wp-json\/wp\/v2\/media?parent=53859"}],"wp:term":[{"taxonomy":"category","embeddable":true,"href":"https:\/\/tvc16.com\/portal\/wp-json\/wp\/v2\/categories?post=53859"},{"taxonomy":"post_tag","embeddable":true,"href":"https:\/\/tvc16.com\/portal\/wp-json\/wp\/v2\/tags?post=53859"}],"curies":[{"name":"wp","href":"https:\/\/api.w.org\/{rel}","templated":true}]}}