{"id":53865,"date":"2023-02-20T11:47:06","date_gmt":"2023-02-20T14:47:06","guid":{"rendered":"https:\/\/tvc16.com\/portal\/?p=53865"},"modified":"2023-02-20T11:47:06","modified_gmt":"2023-02-20T14:47:06","slug":"tiroteio-em-bloco-em-mage-deixa-dois-mortos-e-varios-feridos","status":"publish","type":"post","link":"https:\/\/tvc16.com\/portal\/2023\/02\/20\/tiroteio-em-bloco-em-mage-deixa-dois-mortos-e-varios-feridos\/","title":{"rendered":"Tiroteio em bloco em Mag\u00e9 deixa dois mortos e v\u00e1rios feridos"},"content":{"rendered":"\n<p>Um tiroteio durante desfile de bloco carnavalesco em Mag\u00e9, na regi\u00e3o metropolitana do Rio de Janeiro, deixou pelo menos dois mortos na noite de&nbsp;ontem&nbsp;(19). Segundo a assessoria de imprensa da prefeitura, as v\u00edtimas s\u00e3o uma mulher e uma crian\u00e7a. O incidente ocorreu na praia de Mau\u00e1, durante desfile do Bloco das Piranhas, por volta das 23h.<img decoding=\"async\" src=\"https:\/\/agenciabrasil.ebc.com.br\/ebc.png?id=1511738&amp;o=node\"><img decoding=\"async\" src=\"https:\/\/agenciabrasil.ebc.com.br\/ebc.gif?id=1511738&amp;o=node\"><\/p>\n\n\n\n<p>A Pol\u00edcia Militar (PM) disse, em nota, que duas pessoas trocaram tiros durante uma briga no bloco e que 19 pessoas ficaram feridas.<\/p>\n\n\n\n<p>A prefeitura de Mag\u00e9 informou que um dos respons\u00e1veis pelo tiroteio \u00e9 policial.&nbsp;Um dos envolvidos \u00e9 um criminoso que atua na regi\u00e3o.<\/p>\n\n\n\n<p>Muitos feridos foram encaminhados para unidades de sa\u00fade da cidade. Os casos mais graves foram levados para o Hospital Ad\u00e3o Pereira Nunes (Saracuruna), no munic\u00edpio vizinho de Duque de Caxias.<\/p>\n\n\n\n<p>Apesar de n\u00e3o promover o carnaval, a prefeitura estava dando apoio aos blocos, inclusive com o efetivo de mais de 40 homens da Guarda Civil e da Ordem P\u00fablica, al\u00e9m de 120 seguran\u00e7as privados, e todo o apoio do 34\u00b0 BPMERJ. &#8220;Nossas redes de sa\u00fade e assist\u00eancia social est\u00e3o dando todo o suporte \u00e0s v\u00edtimas e familiares. A prefeitura determinou a suspens\u00e3o do apoio \u00e0 programa\u00e7\u00e3o do carnaval na cidade e fez um apelo para que todos os blocos cancelem os seus desfiles\u201d, acrescentou na nota&nbsp;a prefeitura de Mag\u00e9.<\/p>\n","protected":false},"excerpt":{"rendered":"<p>Um tiroteio durante desfile de bloco carnavalesco em Mag\u00e9, na regi\u00e3o metropolitana do Rio de<\/p>\n","protected":false},"author":2,"featured_media":53866,"comment_status":"open","ping_status":"open","sticky":false,"template":"","format":"standard","meta":{"footnotes":""},"categories":[17],"tags":[],"class_list":["post-53865","post","type-post","status-publish","format-standard","has-post-thumbnail","hentry","category-outras-noticias"],"_links":{"self":[{"href":"https:\/\/tvc16.com\/portal\/wp-json\/wp\/v2\/posts\/53865","targetHints":{"allow":["GET"]}}],"collection":[{"href":"https:\/\/tvc16.com\/portal\/wp-json\/wp\/v2\/posts"}],"about":[{"href":"https:\/\/tvc16.com\/portal\/wp-json\/wp\/v2\/types\/post"}],"author":[{"embeddable":true,"href":"https:\/\/tvc16.com\/portal\/wp-json\/wp\/v2\/users\/2"}],"replies":[{"embeddable":true,"href":"https:\/\/tvc16.com\/portal\/wp-json\/wp\/v2\/comments?post=53865"}],"version-history":[{"count":1,"href":"https:\/\/tvc16.com\/portal\/wp-json\/wp\/v2\/posts\/53865\/revisions"}],"predecessor-version":[{"id":53867,"href":"https:\/\/tvc16.com\/portal\/wp-json\/wp\/v2\/posts\/53865\/revisions\/53867"}],"wp:featuredmedia":[{"embeddable":true,"href":"https:\/\/tvc16.com\/portal\/wp-json\/wp\/v2\/media\/53866"}],"wp:attachment":[{"href":"https:\/\/tvc16.com\/portal\/wp-json\/wp\/v2\/media?parent=53865"}],"wp:term":[{"taxonomy":"category","embeddable":true,"href":"https:\/\/tvc16.com\/portal\/wp-json\/wp\/v2\/categories?post=53865"},{"taxonomy":"post_tag","embeddable":true,"href":"https:\/\/tvc16.com\/portal\/wp-json\/wp\/v2\/tags?post=53865"}],"curies":[{"name":"wp","href":"https:\/\/api.w.org\/{rel}","templated":true}]}}