{"id":53870,"date":"2023-02-20T12:13:01","date_gmt":"2023-02-20T15:13:01","guid":{"rendered":"https:\/\/tvc16.com\/portal\/?p=53870"},"modified":"2023-02-20T12:13:02","modified_gmt":"2023-02-20T15:13:02","slug":"governo-reconhece-estado-de-calamidade-publica-em-sao-sebastiao","status":"publish","type":"post","link":"https:\/\/tvc16.com\/portal\/2023\/02\/20\/governo-reconhece-estado-de-calamidade-publica-em-sao-sebastiao\/","title":{"rendered":"Governo reconhece\u00a0estado de calamidade p\u00fablica\u00a0em S\u00e3o Sebasti\u00e3o"},"content":{"rendered":"\n<p>Portaria do Minist\u00e9rio da Integra\u00e7\u00e3o e do Desenvolvimento Regional, publicada em edi\u00e7\u00e3o extra do&nbsp;<em><a href=\"http:\/\/www.in.gov.br\/web\/dou\/-\/portaria-n-799-de-19-de-fevereiro-de-2023-465407891\" target=\"_blank\" rel=\"noreferrer noopener\">Di\u00e1rio Oficial da Uni\u00e3o<\/a><\/em>&nbsp;desse domingo (19),&nbsp;reconhece estado de calamidade p\u00fablica no munic\u00edpio de S\u00e3o Sebasti\u00e3o (SP). A cidade do litoral paulista foi atingida por temporais que superaram 600 mil\u00edmetros em menos de oito horas. Pelo menos&nbsp;36 pessoas morreram.<img decoding=\"async\" src=\"https:\/\/agenciabrasil.ebc.com.br\/ebc.png?id=1511737&amp;o=node\"><img decoding=\"async\" src=\"https:\/\/agenciabrasil.ebc.com.br\/ebc.gif?id=1511737&amp;o=node\"><\/p>\n\n\n\n<p>As chuvas persistentes causaram&nbsp;bloqueio de estradas, queda de barreiras, inunda\u00e7\u00f5es, deslizamentos, desabamentos e afetaram&nbsp;o abastecimento de \u00e1gua e energia.&nbsp;Uma crian\u00e7a morreu no munic\u00edpio de Ubatuba, tamb\u00e9m no litoral de S\u00e3o Paulo.<\/p>\n\n\n\n<p>O presidente Luiz In\u00e1cio Lula da Silva visita&nbsp;hoje&nbsp;(20) a regi\u00e3o atingida pelos temporais.&nbsp;A previs\u00e3o \u00e9 que ele chegue a S\u00e3o Jos\u00e9 dos Campos por volta das 10h. De l\u00e1, Lula sobrevoa os arredores e desce em S\u00e3o Sebasti\u00e3o.&nbsp;Pelo Twitter, ele&nbsp;lamentou as mortes e manifestou solidariedade \u00e0s fam\u00edlias.<\/p>\n\n\n\n<p>Segundo a Defesa Civil de S\u00e3o Paulo, tr\u00eas cidades do litoral norte de S\u00e3o Paulo registraram, nas \u00faltimas 24 horas, o volume de chuva esperado para todo o m\u00eas&nbsp;de fevereiro. Em S\u00e3o Sebasti\u00e3o, o volume nas \u00faltimas 24 horas foi o dobro da m\u00e9dia esperada para o m\u00eas.<\/p>\n","protected":false},"excerpt":{"rendered":"<p>Portaria do Minist\u00e9rio da Integra\u00e7\u00e3o e do Desenvolvimento Regional, publicada em edi\u00e7\u00e3o extra do&nbsp;Di\u00e1rio Oficial<\/p>\n","protected":false},"author":2,"featured_media":53871,"comment_status":"open","ping_status":"open","sticky":false,"template":"","format":"standard","meta":{"footnotes":""},"categories":[17],"tags":[],"class_list":["post-53870","post","type-post","status-publish","format-standard","has-post-thumbnail","hentry","category-outras-noticias"],"_links":{"self":[{"href":"https:\/\/tvc16.com\/portal\/wp-json\/wp\/v2\/posts\/53870","targetHints":{"allow":["GET"]}}],"collection":[{"href":"https:\/\/tvc16.com\/portal\/wp-json\/wp\/v2\/posts"}],"about":[{"href":"https:\/\/tvc16.com\/portal\/wp-json\/wp\/v2\/types\/post"}],"author":[{"embeddable":true,"href":"https:\/\/tvc16.com\/portal\/wp-json\/wp\/v2\/users\/2"}],"replies":[{"embeddable":true,"href":"https:\/\/tvc16.com\/portal\/wp-json\/wp\/v2\/comments?post=53870"}],"version-history":[{"count":1,"href":"https:\/\/tvc16.com\/portal\/wp-json\/wp\/v2\/posts\/53870\/revisions"}],"predecessor-version":[{"id":53872,"href":"https:\/\/tvc16.com\/portal\/wp-json\/wp\/v2\/posts\/53870\/revisions\/53872"}],"wp:featuredmedia":[{"embeddable":true,"href":"https:\/\/tvc16.com\/portal\/wp-json\/wp\/v2\/media\/53871"}],"wp:attachment":[{"href":"https:\/\/tvc16.com\/portal\/wp-json\/wp\/v2\/media?parent=53870"}],"wp:term":[{"taxonomy":"category","embeddable":true,"href":"https:\/\/tvc16.com\/portal\/wp-json\/wp\/v2\/categories?post=53870"},{"taxonomy":"post_tag","embeddable":true,"href":"https:\/\/tvc16.com\/portal\/wp-json\/wp\/v2\/tags?post=53870"}],"curies":[{"name":"wp","href":"https:\/\/api.w.org\/{rel}","templated":true}]}}