{"id":53876,"date":"2023-02-20T13:38:23","date_gmt":"2023-02-20T16:38:23","guid":{"rendered":"https:\/\/tvc16.com\/portal\/?p=53876"},"modified":"2023-02-20T13:38:23","modified_gmt":"2023-02-20T16:38:23","slug":"senac-petropolis-recebe-inscricoes-para-cursos-de-capacitacao-profissional-gratuitos-em-departamento-pessoal-e-area-fiscal","status":"publish","type":"post","link":"https:\/\/tvc16.com\/portal\/2023\/02\/20\/senac-petropolis-recebe-inscricoes-para-cursos-de-capacitacao-profissional-gratuitos-em-departamento-pessoal-e-area-fiscal\/","title":{"rendered":"<strong>Senac Petr\u00f3polis recebe inscri\u00e7\u00f5es para cursos de capacita\u00e7\u00e3o profissional gratuitos em departamento pessoal e \u00e1rea fiscal<\/strong>\u00a0\u00a0"},"content":{"rendered":"\n<p>O\u00a0<strong>Senac\u00a0RJ<\/strong>\u00a0de\u00a0<strong>Petr\u00f3polis<\/strong>\u00a0oferece cursos gratuitos de capacita\u00e7\u00e3o profissional nas \u00e1reas de Departamento Pessoal e Fiscal. As vagas integram a parceria entre o\u00a0<strong>Senac RJ<\/strong>\u00a0e o\u00a0<strong>Conselho Regional de\u00a0Contabilidade do Estado do Rio de Janeiro (CRCRJ)<\/strong>\u00a0e ser\u00e3o concedidas por meio do\u00a0<strong>Programa Senac de Gratuidade (PSG),\u00a0<\/strong>destinado a quem atenda ao crit\u00e9rio de renda familiar de at\u00e9 2 sal\u00e1rios-m\u00ednimos por pessoa. Os interessados devem se candidatar pelo portal\u00a0<a rel=\"noreferrer noopener\" href=\"http:\/\/psg.rj.senac.br\/\" target=\"_blank\">http:\/\/psg.rj.senac.br<\/a>. As aulas iniciam a partir do dia 27 de fevereiro.\u00a0\u00a0\u00a0<br>As inscri\u00e7\u00f5es est\u00e3o abertas para os cursos de\u00a0<strong>Rotinas do Departamento Fiscal<\/strong>\u00a0e\u00a0<strong>Forma\u00e7\u00e3o em Departamento Pessoal<\/strong>.\u00a0A parceria de coopera\u00e7\u00e3o t\u00e9cnica entre o\u00a0<strong>Senac RJ<\/strong>\u00a0e o\u00a0<strong>CRCRJ<\/strong>\u00a0oferece qualifica\u00e7\u00e3o\u00a0a estudantes, contadores e colaboradores de escrit\u00f3rios cont\u00e1beis registrados no\u00a0<strong>Conselho Regional<\/strong>, bem como a empres\u00e1rios e demais profissionais atuantes nas rotinas da gest\u00e3o administrativa, que representam cerca de 10% do mercado de trabalho do estado do Rio de Janeiro.\u00a0\u00a0\u00a0<br>As aulas incluem atividades pr\u00e1ticas em laborat\u00f3rios vers\u00e1teis que simulam a rotina de trabalho nas empresas. Os alunos ir\u00e3o utilizar o software Alterdata,\u00a0que \u00e9 o\u00a0mais aplicado do mercado, e ter\u00e3o acesso \u00e0 biblioteca digital com materiais did\u00e1ticos atualizados, em diversos formatos e m\u00eddias. Todos os cursos ir\u00e3o conceder, ao final, um certificado de dupla chancela: Senac RJ e CRCRJ.\u00a0\u00a0<\/p>\n\n\n\n<p><strong>Programa Senac de Gratuidade (<\/strong><strong>PSG<\/strong><strong>)<\/strong>&nbsp;&nbsp;&nbsp;<\/p>\n\n\n\n<p>O programa fornece cursos de educa\u00e7\u00e3o profissional a pessoas de baixa renda, em busca oportunidades no mercado de trabalho. Para se candidatar \u00e0s vagas \u00e9 preciso comprovar renda familiar, por pessoa, de at\u00e9 dois sal\u00e1rios-m\u00ednimos&nbsp;federais, na condi\u00e7\u00e3o de alunos matriculados ou egressos da educa\u00e7\u00e3o b\u00e1sica e trabalhadores empregados e\/ou desempregados.&nbsp;&nbsp;&nbsp;&nbsp;<\/p>\n\n\n\n<p>Os interessados dever\u00e3o ser maiores de 16 anos e ter conclu\u00eddo o Ensino Fundamental II, al\u00e9m de no\u00e7\u00f5es b\u00e1sicas de inform\u00e1tica. Ser\u00e3o matriculados os primeiros classificados de cada curso com a documenta\u00e7\u00e3o completa (c\u00f3pias de&nbsp;RG, CPF e comprovante de resid\u00eancia), atendendo os requisitos dos cursos e do&nbsp;PSG. O regulamento est\u00e1 dispon\u00edvel no link de inscri\u00e7\u00e3o.&nbsp;&nbsp;&nbsp;<\/p>\n\n\n\n<p><strong>Senac RJ&nbsp;<\/strong>&nbsp;&nbsp;&nbsp;<\/p>\n\n\n\n<p>H\u00e1 77 anos o Senac RJ atua na profissionaliza\u00e7\u00e3o de m\u00e3o de obra para o setor do Com\u00e9rcio de Bens, Servi\u00e7os e Turismo no Estado do Rio de Janeiro. A institui\u00e7\u00e3o de ensino investe fortemente em inclus\u00e3o social por meio de capacita\u00e7\u00e3o para o mercado de trabalho e \u00e9 reconhecida como refer\u00eancia na oferta de cursos profissionalizantes.&nbsp;&nbsp;&nbsp;&nbsp;&nbsp;&nbsp;<\/p>\n","protected":false},"excerpt":{"rendered":"<p>O\u00a0Senac\u00a0RJ\u00a0de\u00a0Petr\u00f3polis\u00a0oferece cursos gratuitos de capacita\u00e7\u00e3o profissional nas \u00e1reas de Departamento Pessoal e Fiscal. As vagas<\/p>\n","protected":false},"author":2,"featured_media":53877,"comment_status":"open","ping_status":"open","sticky":false,"template":"","format":"standard","meta":{"footnotes":""},"categories":[12],"tags":[],"class_list":["post-53876","post","type-post","status-publish","format-standard","has-post-thumbnail","hentry","category-cidade"],"_links":{"self":[{"href":"https:\/\/tvc16.com\/portal\/wp-json\/wp\/v2\/posts\/53876","targetHints":{"allow":["GET"]}}],"collection":[{"href":"https:\/\/tvc16.com\/portal\/wp-json\/wp\/v2\/posts"}],"about":[{"href":"https:\/\/tvc16.com\/portal\/wp-json\/wp\/v2\/types\/post"}],"author":[{"embeddable":true,"href":"https:\/\/tvc16.com\/portal\/wp-json\/wp\/v2\/users\/2"}],"replies":[{"embeddable":true,"href":"https:\/\/tvc16.com\/portal\/wp-json\/wp\/v2\/comments?post=53876"}],"version-history":[{"count":1,"href":"https:\/\/tvc16.com\/portal\/wp-json\/wp\/v2\/posts\/53876\/revisions"}],"predecessor-version":[{"id":53878,"href":"https:\/\/tvc16.com\/portal\/wp-json\/wp\/v2\/posts\/53876\/revisions\/53878"}],"wp:featuredmedia":[{"embeddable":true,"href":"https:\/\/tvc16.com\/portal\/wp-json\/wp\/v2\/media\/53877"}],"wp:attachment":[{"href":"https:\/\/tvc16.com\/portal\/wp-json\/wp\/v2\/media?parent=53876"}],"wp:term":[{"taxonomy":"category","embeddable":true,"href":"https:\/\/tvc16.com\/portal\/wp-json\/wp\/v2\/categories?post=53876"},{"taxonomy":"post_tag","embeddable":true,"href":"https:\/\/tvc16.com\/portal\/wp-json\/wp\/v2\/tags?post=53876"}],"curies":[{"name":"wp","href":"https:\/\/api.w.org\/{rel}","templated":true}]}}