{"id":53919,"date":"2023-02-21T13:16:07","date_gmt":"2023-02-21T16:16:07","guid":{"rendered":"https:\/\/tvc16.com\/portal\/?p=53919"},"modified":"2023-02-21T13:16:08","modified_gmt":"2023-02-21T16:16:08","slug":"servico-das-concessionarias-de-energia-e-criticado-no-estado-do-rio-de-janeiro","status":"publish","type":"post","link":"https:\/\/tvc16.com\/portal\/2023\/02\/21\/servico-das-concessionarias-de-energia-e-criticado-no-estado-do-rio-de-janeiro\/","title":{"rendered":"Servi\u00e7o das concession\u00e1rias de energia \u00e9 criticado no estado do Rio de Janeiro"},"content":{"rendered":"\n<p>Ap\u00f3s as chuvas registradas na \u00faltima semana em Petr\u00f3polis e em outros munic\u00edpios do estado do Rio de Janeiro, a popula\u00e7\u00e3o, mais uma vez voltou a criticar o servi\u00e7o oferecido pelas concession\u00e1rias de energia. Em janeiro deste ano, o deputado federal Hugo Leal, assumiu a secretaria de Estado de Energia, \u00d3leo e G\u00e1s, e ressalta que tem acompanhado os problemas com os servi\u00e7os de energia enfrentados pela popula\u00e7\u00e3o.<\/p>\n\n\n\n<p>Um dos projetos da secretaria \u00e9 que o estado monitore os servi\u00e7os prestados pelas concession\u00e1rias de energia, com isso, um relat\u00f3rio ser\u00e1 encaminhado a Ag\u00eancia Nacional de Energia El\u00e9trica (ANEEL), com o objetivo de auxiliar o trabalho de fiscaliza\u00e7\u00e3o da ag\u00eancia reguladora, visto que a responsabilidade das concess\u00f5es \u00e9 do Governo Federal.<\/p>\n\n\n\n<p>Apesar das empresas sofrerem com furto de energia, para o secret\u00e1rio, o problema n\u00e3o justifica a demora para restabelecimento da energia el\u00e9trica nas resid\u00eancias. Algumas localidades, em Petr\u00f3polis, est\u00e3o h\u00e1 mais de tr\u00eas dias sem luz. \u201cO que notamos \u00e9 que ao longo dos \u00faltimos anos, n\u00e3o foram realizados investimentos. Se a concession\u00e1ria aumentasse o efetivo e em tecnologia, os furtos seriam minimizados. H\u00e1 localidade sem energia h\u00e1 mais de 60 horas. N\u00f3s vamos enviar esses relat\u00f3rios para Bras\u00edlia afim de que a ANEEL tenha ci\u00eancia da precariedade dos servi\u00e7os no nosso Estado\u201d, comenta Hugo Leal.<\/p>\n\n\n\n<p>A prefeitura de Areal divulgou nas redes sociais um comunicado criticando o servi\u00e7o da Enel na cidade. O texto publicado informa que entraria com uma a\u00e7\u00e3o civil p\u00fablica contra a empresa. Em Petr\u00f3polis, o executivo tamb\u00e9m acionou a justi\u00e7a por conta da demora no reestabelecimento de energia.<\/p>\n\n\n\n<p>Por Richard Stoltzenburg<\/p>\n","protected":false},"excerpt":{"rendered":"<p>Ap\u00f3s as chuvas registradas na \u00faltima semana em Petr\u00f3polis e em outros munic\u00edpios do estado<\/p>\n","protected":false},"author":2,"featured_media":53920,"comment_status":"open","ping_status":"open","sticky":false,"template":"","format":"standard","meta":{"footnotes":""},"categories":[12],"tags":[],"class_list":["post-53919","post","type-post","status-publish","format-standard","has-post-thumbnail","hentry","category-cidade"],"_links":{"self":[{"href":"https:\/\/tvc16.com\/portal\/wp-json\/wp\/v2\/posts\/53919","targetHints":{"allow":["GET"]}}],"collection":[{"href":"https:\/\/tvc16.com\/portal\/wp-json\/wp\/v2\/posts"}],"about":[{"href":"https:\/\/tvc16.com\/portal\/wp-json\/wp\/v2\/types\/post"}],"author":[{"embeddable":true,"href":"https:\/\/tvc16.com\/portal\/wp-json\/wp\/v2\/users\/2"}],"replies":[{"embeddable":true,"href":"https:\/\/tvc16.com\/portal\/wp-json\/wp\/v2\/comments?post=53919"}],"version-history":[{"count":2,"href":"https:\/\/tvc16.com\/portal\/wp-json\/wp\/v2\/posts\/53919\/revisions"}],"predecessor-version":[{"id":53937,"href":"https:\/\/tvc16.com\/portal\/wp-json\/wp\/v2\/posts\/53919\/revisions\/53937"}],"wp:featuredmedia":[{"embeddable":true,"href":"https:\/\/tvc16.com\/portal\/wp-json\/wp\/v2\/media\/53920"}],"wp:attachment":[{"href":"https:\/\/tvc16.com\/portal\/wp-json\/wp\/v2\/media?parent=53919"}],"wp:term":[{"taxonomy":"category","embeddable":true,"href":"https:\/\/tvc16.com\/portal\/wp-json\/wp\/v2\/categories?post=53919"},{"taxonomy":"post_tag","embeddable":true,"href":"https:\/\/tvc16.com\/portal\/wp-json\/wp\/v2\/tags?post=53919"}],"curies":[{"name":"wp","href":"https:\/\/api.w.org\/{rel}","templated":true}]}}