{"id":53931,"date":"2023-02-21T13:14:04","date_gmt":"2023-02-21T16:14:04","guid":{"rendered":"https:\/\/tvc16.com\/portal\/?p=53931"},"modified":"2023-02-21T13:14:05","modified_gmt":"2023-02-21T16:14:05","slug":"confirmadas-44-mortes-por-causa-das-chuvas-em-sao-paulo","status":"publish","type":"post","link":"https:\/\/tvc16.com\/portal\/2023\/02\/21\/confirmadas-44-mortes-por-causa-das-chuvas-em-sao-paulo\/","title":{"rendered":"Confirmadas 44 mortes por causa das chuvas em S\u00e3o Paulo"},"content":{"rendered":"\n<h3 class=\"wp-block-heading\">Minist\u00e9rio disponibilizou o Disque 100<\/h3>\n\n\n\n<h4 class=\"wp-block-heading\">Por Ludmilla Souza &#8211; Rep\u00f3rter da Ag\u00eancia Brasil &#8211; S\u00e3o Paulo<audio src=\"https:\/\/tts-app.ebc.com.br\/media\/tts\/199102.mp3\"><\/h4>\n\n\n\n<p>O governo do estado de S\u00e3o Paulo informou que, at\u00e9 o momento, 44 \u00f3bitos foram confirmados por causa das fortes chuvas, sendo 43 em S\u00e3o Sebasti\u00e3o e um em Ubatuba. Equipes do munic\u00edpio com psic\u00f3logas e assistentes sociais fazem um trabalho de acolhimento dos familiares das v\u00edtimas do temporal que assolou o litoral norte no s\u00e1bado (18) e domingo (19).<img decoding=\"async\" src=\"https:\/\/agenciabrasil.ebc.com.br\/ebc.png?id=1511952&amp;o=node\"><img decoding=\"async\" src=\"https:\/\/agenciabrasil.ebc.com.br\/ebc.gif?id=1511952&amp;o=node\"><\/p>\n\n\n\n<p>J\u00e1 foram identificados sete corpos e liberados para o sepultamento. S\u00e3o dois homens adultos, duas mulheres adultas e tr\u00eas crian\u00e7as. Os trabalhos de busca, resgate e salvamento seguem ininterruptamente na regi\u00e3o. Atualmente h\u00e1 1.730 desalojados e 766 desabrigados em todo estado.<\/p>\n\n\n\n<h2 class=\"wp-block-heading\">Disque 100<\/h2>\n\n\n\n<p>O Minist\u00e9rio dos Direitos Humanos e da Cidadania (MDHC) disponibilizou o Disque 100, op\u00e7\u00e3o 2, para receber comunica\u00e7\u00f5es de pessoas atingidas pelas fortes chuvas no litoral sul do estado de S\u00e3o Paulo, nos munic\u00edpios de S\u00e3o Sebasti\u00e3o, Ubatuba, Guaruj\u00e1, Bertioga e Ilhabela.<\/p>\n\n\n\n<p>A central de atendimento funciona 24 horas, 7 dias da semana, para auxiliar na acolhida de informa\u00e7\u00f5es sobre pessoas desaparecidas e locais de abrigo, acolher pedidos de socorro de pessoas isoladas em apoio \u00e0s centrais 190, 193 e 192.<\/p>\n\n\n\n<p>Edi\u00e7\u00e3o: Fernando Fraga<\/p>\n","protected":false},"excerpt":{"rendered":"<p>Minist\u00e9rio disponibilizou o Disque 100 Por Ludmilla Souza &#8211; Rep\u00f3rter da Ag\u00eancia Brasil &#8211; S\u00e3o<\/p>\n","protected":false},"author":2,"featured_media":53932,"comment_status":"open","ping_status":"open","sticky":false,"template":"","format":"standard","meta":{"footnotes":""},"categories":[17],"tags":[],"class_list":["post-53931","post","type-post","status-publish","format-standard","has-post-thumbnail","hentry","category-outras-noticias"],"_links":{"self":[{"href":"https:\/\/tvc16.com\/portal\/wp-json\/wp\/v2\/posts\/53931","targetHints":{"allow":["GET"]}}],"collection":[{"href":"https:\/\/tvc16.com\/portal\/wp-json\/wp\/v2\/posts"}],"about":[{"href":"https:\/\/tvc16.com\/portal\/wp-json\/wp\/v2\/types\/post"}],"author":[{"embeddable":true,"href":"https:\/\/tvc16.com\/portal\/wp-json\/wp\/v2\/users\/2"}],"replies":[{"embeddable":true,"href":"https:\/\/tvc16.com\/portal\/wp-json\/wp\/v2\/comments?post=53931"}],"version-history":[{"count":1,"href":"https:\/\/tvc16.com\/portal\/wp-json\/wp\/v2\/posts\/53931\/revisions"}],"predecessor-version":[{"id":53933,"href":"https:\/\/tvc16.com\/portal\/wp-json\/wp\/v2\/posts\/53931\/revisions\/53933"}],"wp:featuredmedia":[{"embeddable":true,"href":"https:\/\/tvc16.com\/portal\/wp-json\/wp\/v2\/media\/53932"}],"wp:attachment":[{"href":"https:\/\/tvc16.com\/portal\/wp-json\/wp\/v2\/media?parent=53931"}],"wp:term":[{"taxonomy":"category","embeddable":true,"href":"https:\/\/tvc16.com\/portal\/wp-json\/wp\/v2\/categories?post=53931"},{"taxonomy":"post_tag","embeddable":true,"href":"https:\/\/tvc16.com\/portal\/wp-json\/wp\/v2\/tags?post=53931"}],"curies":[{"name":"wp","href":"https:\/\/api.w.org\/{rel}","templated":true}]}}