{"id":53938,"date":"2023-02-21T13:33:00","date_gmt":"2023-02-21T16:33:00","guid":{"rendered":"https:\/\/tvc16.com\/portal\/?p=53938"},"modified":"2023-02-21T13:33:00","modified_gmt":"2023-02-21T16:33:00","slug":"na-quarta-noite-de-desfiles-no-sambodromo-claudio-castro","status":"publish","type":"post","link":"https:\/\/tvc16.com\/portal\/2023\/02\/21\/na-quarta-noite-de-desfiles-no-sambodromo-claudio-castro\/","title":{"rendered":"<strong>Na quarta noite de desfiles no Samb\u00f3dromo, Cl\u00e1udio Castro<\/strong>"},"content":{"rendered":"\n<p>O governador Cl\u00e1udio Castro ressaltou, no quarto dia de desfiles no Samb\u00f3dromo, os bons resultados dos investimentos do Governo do Estado que incrementaram o turismo no Rio de Janeiro, especialmente durante o Carnaval. As melhorias na infraestrutura das cidades e na capacita\u00e7\u00e3o de profissionais, as quedas nos \u00edndices de viol\u00eancia e as a\u00e7\u00f5es promocionais das 12 regi\u00f5es tur\u00edsticas fluminenses no Brasil e no mundo podem ser medidas pela expressiva ocupa\u00e7\u00e3o da rede hoteleira no estado. De acordo com a ABIH-RJ (Associa\u00e7\u00e3o de Hot\u00e9is), o interior do Rio de Janeiro registrou m\u00e9dia de 92,65% dos quartos reservados entre 18 e 22 de fevereiro. Na capital, segundo o Hot\u00e9isRIO, a m\u00e9dia foi de 91,52% hospedagens utilizadas.<br><br>&#8211; A capital aumentou muito a sua capacidade hoteleira e, ainda assim, est\u00e1 registrando uma ocupa\u00e7\u00e3o hist\u00f3rica fant\u00e1stica, o que mostra que o Rio recuperou a sua credibilidade e muita gente quer viajar para c\u00e1. Vamos incentivar cada vez mais o turismo. Isso \u00e9 fundamental &#8211; disse o governador na Sapuca\u00ed.<\/p>\n\n\n\n<p>Um outro dado chama a aten\u00e7\u00e3o: pelo P\u00eder Mau\u00e1, na Zona Portu\u00e1ria carioca, est\u00e3o passando mais de 27 mil turistas durante a folia. Somente este grupo deve injetar cerca de R$ 14 milh\u00f5es na economia da cidade. A Associa\u00e7\u00e3o Brasileira de Navios de Cruzeiros (Clia Brasil), inclusive, destaca que essa deve ser a maior temporada em n\u00fameros dos \u00faltimos 10 anos.<br><br>Para Castro, esse panorama p\u00f3s-pandemia reflete uma gest\u00e3o respons\u00e1vel, eficiente e, especialmente, empenhada em garantir uma melhor qualidade de vida aos fluminenses.<br><br>&#8211; O turismo representa 5,49% do PIB do estado, e queremos atingir at\u00e9 12% nos pr\u00f3ximos 10 anos. Ele \u00e9 fundamental para o desenvolvimento, pois movimenta a economia, gera emprego e renda e atrai novos investidores. Estamos muito satisfeitos pela festa linda que todo o Rio de Janeiro est\u00e1 oferecendo neste Carnaval para milh\u00f5es de pessoas, sejam elas daqui ou de fora &#8211; afirmou o governador Cl\u00e1udio Castro.<\/p>\n\n\n\n<p>A aposentada Sueli Oliveira da Silva, de 80 anos, veio de Porto Alegre (RS) passar o Carnaval no Rio e ficou encantada.<br><br>&#8211; Recomendo que as pessoas venham passar a folia no Rio. Est\u00e1 tudo muito lindo, vale a pena viajar para c\u00e1. \u00c9 o melhor Carnaval que j\u00e1 vi e a cidade \u00e9 mesmo muito maravilhosa &#8211; disse a ga\u00facha, que estava animada no Samb\u00f3dromo na \u00faltima noite do desfile das escolas do Grupo Especial.<br><br>O alem\u00e3o Christian Diehl ressaltou os desfiles no Samb\u00f3dromo ao contar como est\u00e1 satisfeito em sua primeira vez no Brasil, especialmente no Rio de Janeiro.\u00a0<br><br>&#8211; Moro no Sul da Alemanha. Passei por Manaus e estou h\u00e1 quatro semanas no Rio. J\u00e1 tinha visto os desfiles cariocas pela televis\u00e3o, mas estar aqui \u00e9 diferente, com as pessoas, o cen\u00e1rio ao vivo e o calor local. \u00c9 uma grande oportunidade. Gostei de tudo &#8211; enfatizou.<br><br><strong>Solidariedade ap\u00f3s trag\u00e9dia em S\u00e3o Paulo<\/strong><\/p>\n\n\n\n<p>O governador se solidarizou com a popula\u00e7\u00e3o do Estado de S\u00e3o Paulo que est\u00e1 enfrentando as consequ\u00eancias da trag\u00e9dia com mortes e desabrigados em decorr\u00eancia de fortes chuvas. Cl\u00e1udio Castro disponibilizou ajuda do Corpo de Bombeiros do Rio para retornem o mais r\u00e1pido poss\u00edvel \u00e0 normalidade. Castro acrescentou a import\u00e2ncia da solidariedade entre os entes federativos em momentos dif\u00edceis:<\/p>\n\n\n\n<p>&#8211; A dor de cada paulistano hoje \u00e9 a dor de cada fluminense. Estamos juntos &#8211; disse comovido.<\/p>\n","protected":false},"excerpt":{"rendered":"<p>O governador Cl\u00e1udio Castro ressaltou, no quarto dia de desfiles no Samb\u00f3dromo, os bons resultados<\/p>\n","protected":false},"author":2,"featured_media":53939,"comment_status":"open","ping_status":"open","sticky":false,"template":"","format":"standard","meta":{"footnotes":""},"categories":[17],"tags":[],"class_list":["post-53938","post","type-post","status-publish","format-standard","has-post-thumbnail","hentry","category-outras-noticias"],"_links":{"self":[{"href":"https:\/\/tvc16.com\/portal\/wp-json\/wp\/v2\/posts\/53938","targetHints":{"allow":["GET"]}}],"collection":[{"href":"https:\/\/tvc16.com\/portal\/wp-json\/wp\/v2\/posts"}],"about":[{"href":"https:\/\/tvc16.com\/portal\/wp-json\/wp\/v2\/types\/post"}],"author":[{"embeddable":true,"href":"https:\/\/tvc16.com\/portal\/wp-json\/wp\/v2\/users\/2"}],"replies":[{"embeddable":true,"href":"https:\/\/tvc16.com\/portal\/wp-json\/wp\/v2\/comments?post=53938"}],"version-history":[{"count":1,"href":"https:\/\/tvc16.com\/portal\/wp-json\/wp\/v2\/posts\/53938\/revisions"}],"predecessor-version":[{"id":53940,"href":"https:\/\/tvc16.com\/portal\/wp-json\/wp\/v2\/posts\/53938\/revisions\/53940"}],"wp:featuredmedia":[{"embeddable":true,"href":"https:\/\/tvc16.com\/portal\/wp-json\/wp\/v2\/media\/53939"}],"wp:attachment":[{"href":"https:\/\/tvc16.com\/portal\/wp-json\/wp\/v2\/media?parent=53938"}],"wp:term":[{"taxonomy":"category","embeddable":true,"href":"https:\/\/tvc16.com\/portal\/wp-json\/wp\/v2\/categories?post=53938"},{"taxonomy":"post_tag","embeddable":true,"href":"https:\/\/tvc16.com\/portal\/wp-json\/wp\/v2\/tags?post=53938"}],"curies":[{"name":"wp","href":"https:\/\/api.w.org\/{rel}","templated":true}]}}