{"id":5423,"date":"2020-11-11T16:54:46","date_gmt":"2020-11-11T16:54:46","guid":{"rendered":"https:\/\/tvc16.com\/portal\/?p=5423"},"modified":"2020-11-11T16:54:46","modified_gmt":"2020-11-11T16:54:46","slug":"governador-anuncia-o-pagamento-do-13o-salario-para-o-dia-15-de-dezembro","status":"publish","type":"post","link":"https:\/\/tvc16.com\/portal\/2020\/11\/11\/governador-anuncia-o-pagamento-do-13o-salario-para-o-dia-15-de-dezembro\/","title":{"rendered":"Governador anuncia o pagamento do 13\u00ba sal\u00e1rio para o dia 15 de dezembro"},"content":{"rendered":"\n<p><em>Os 460 mil servidores ativos, aposentados e pensionistas tamb\u00e9m<br>ter\u00e3o antecipados os vencimentos de outubro e novembro<\/em><\/p>\n\n\n\n<p>O governador em exerc\u00edcio, Cl\u00e1udio Castro, anunciou nesta quarta-feira (11\/11) a data do pagamento do 13\u00ba sal\u00e1rio para os 460 mil servidores p\u00fablicos: 15 de dezembro. Os vencimentos de outubro e novembro tamb\u00e9m ser\u00e3o quitados antes das datas previstas no calend\u00e1rio oficial. A partir do calend\u00e1rio divulgado nesta quarta-feira, o Governo do Estado encerrar\u00e1 o ano de 2020 com a folha salarial do funcionalismo integralmente quitada.<\/p>\n\n\n\n<p>Nesta sexta-feira (13\/11), ser\u00e3o creditados os sal\u00e1rios referentes ao m\u00eas de outubro, em um total l\u00edquido de R$ 1,83 bilh\u00e3o. O calend\u00e1rio oficial previa o pagamento para o dia 16 de novembro. J\u00e1 os vencimentos de novembro ser\u00e3o antecipados para o dia 1\u00ba de dezembro. De acordo com a programa\u00e7\u00e3o inicial, os cr\u00e9ditos ocorreriam no dia 16 de dezembro, 10\u00ba dia \u00fatil do m\u00eas.<\/p>\n\n\n\n<p>&#8211; Vamos trabalhar para pagar os sal\u00e1rios at\u00e9 o 5\u00b0 dia \u00fatil do m\u00eas a partir de 2021. Estamos trabalhando muito, com muita responsabilidade, para vencer diversas barreiras e melhorar a vida da popula\u00e7\u00e3o do Estado do Rio &#8211; destacou o governador em exerc\u00edcio, Cl\u00e1udio Castro, que anunciou o calend\u00e1rio de pagamento em coletiva de imprensa promovida pela Secretaria de Estado de Fazenda, que tratou a situa\u00e7\u00e3o atual das contas p\u00fablicas do Estado do Rio e a estrat\u00e9gia para atingir o equil\u00edbrio das finan\u00e7as.<\/p>\n\n\n\n<p>De acordo com o secret\u00e1rio de Estado de Fazenda, Guilherme Merc\u00eas, o encerramento de 2020 com todos os sal\u00e1rios do funcionalismo quitados \u00e9 o principal resultado de todas as medidas estruturais e estrat\u00e9gicas adotadas desde junho deste ano, quando assumiu o comando da pasta: \u201cSalvar as contas de 2020 \u00e9 o primeiro pilar do planejamento estrat\u00e9gico da secretaria. O pagamento em dia dos sal\u00e1rios dos servidores do estado \u00e9 um dos itens de maior relev\u00e2ncia dentro desse processo. Ser\u00e3o mais de R$ 6 bilh\u00f5es injetados na economia fluminense pelos pr\u00f3ximos 30 dias\u201d.<\/p>\n\n\n\n<p><strong>Confira o calend\u00e1rio:<\/strong><\/p>\n\n\n\n<figure class=\"wp-block-table\"><table><tbody><tr><td><strong>Data do dep\u00f3sito<\/strong><\/td><td><strong>Refer\u00eancia<\/strong><\/td><\/tr><tr><td>13\/11\/2020<\/td><td>Sal\u00e1rio de outubro<\/td><\/tr><tr><td>01\/12\/2020<\/td><td>Sal\u00e1rio de novembro<\/td><\/tr><tr><td>15\/12\/2020<\/td><td>13\u00ba sal\u00e1rio<\/td><\/tr><\/tbody><\/table><\/figure>\n\n\n\n<p><strong>Fotos<\/strong>: Rafael Campos<\/p>\n","protected":false},"excerpt":{"rendered":"<p>Os 460 mil servidores ativos, aposentados e pensionistas tamb\u00e9mter\u00e3o antecipados os vencimentos de outubro e<\/p>\n","protected":false},"author":2,"featured_media":5425,"comment_status":"open","ping_status":"open","sticky":false,"template":"","format":"standard","meta":{"footnotes":""},"categories":[17],"tags":[],"class_list":["post-5423","post","type-post","status-publish","format-standard","has-post-thumbnail","hentry","category-outras-noticias"],"_links":{"self":[{"href":"https:\/\/tvc16.com\/portal\/wp-json\/wp\/v2\/posts\/5423","targetHints":{"allow":["GET"]}}],"collection":[{"href":"https:\/\/tvc16.com\/portal\/wp-json\/wp\/v2\/posts"}],"about":[{"href":"https:\/\/tvc16.com\/portal\/wp-json\/wp\/v2\/types\/post"}],"author":[{"embeddable":true,"href":"https:\/\/tvc16.com\/portal\/wp-json\/wp\/v2\/users\/2"}],"replies":[{"embeddable":true,"href":"https:\/\/tvc16.com\/portal\/wp-json\/wp\/v2\/comments?post=5423"}],"version-history":[{"count":1,"href":"https:\/\/tvc16.com\/portal\/wp-json\/wp\/v2\/posts\/5423\/revisions"}],"predecessor-version":[{"id":5426,"href":"https:\/\/tvc16.com\/portal\/wp-json\/wp\/v2\/posts\/5423\/revisions\/5426"}],"wp:featuredmedia":[{"embeddable":true,"href":"https:\/\/tvc16.com\/portal\/wp-json\/wp\/v2\/media\/5425"}],"wp:attachment":[{"href":"https:\/\/tvc16.com\/portal\/wp-json\/wp\/v2\/media?parent=5423"}],"wp:term":[{"taxonomy":"category","embeddable":true,"href":"https:\/\/tvc16.com\/portal\/wp-json\/wp\/v2\/categories?post=5423"},{"taxonomy":"post_tag","embeddable":true,"href":"https:\/\/tvc16.com\/portal\/wp-json\/wp\/v2\/tags?post=5423"}],"curies":[{"name":"wp","href":"https:\/\/api.w.org\/{rel}","templated":true}]}}