{"id":5431,"date":"2020-11-12T00:36:55","date_gmt":"2020-11-12T00:36:55","guid":{"rendered":"https:\/\/tvc16.com\/portal\/?p=5431"},"modified":"2020-11-12T17:06:15","modified_gmt":"2020-11-12T20:06:15","slug":"ultimos-dias-para-inscricoes-no-concurso-que-dara-80-vagas-gratuitas-para-ensino-medio-com-curso-tecnico-na-firjan-senai-sesi-petropolis","status":"publish","type":"post","link":"https:\/\/tvc16.com\/portal\/2020\/11\/12\/ultimos-dias-para-inscricoes-no-concurso-que-dara-80-vagas-gratuitas-para-ensino-medio-com-curso-tecnico-na-firjan-senai-sesi-petropolis\/","title":{"rendered":"\u00daltimos dias para inscri\u00e7\u00f5es no concurso que dar\u00e1 80 vagas gratuitas para Ensino M\u00e9dio com Curso T\u00e9cnico na Firjan SENAI SESI Petr\u00f3polis"},"content":{"rendered":"\n<p><strong>Alunos far\u00e3o Ensino M\u00e9dio na Escola Firjan SESI com curso t\u00e9cnico articulado da Firjan SENAI. Inscri\u00e7\u00f5es v\u00e3o at\u00e9 o dia 16 de novembro. Podem concorrer \u00e0s vagas jovens com renda familiar mensal per capita bruta de at\u00e9 1,5 sal\u00e1rios m\u00ednimos.<\/strong><\/p>\n\n\n\n<p><a>Termina na segunda-feira, 16 de novembro, o prazo para as inscri\u00e7\u00f5es no processo seletivo que oferta 80 vagas gratuitas para o Ensino M\u00e9dio da Escola Firjan SESI articulado com o Curso T\u00e9cnico da Firjan SENAI. S\u00e3o 76 vagas de ampla concorr\u00eancia e 4 vagas destinadas \u00e0s pessoas com defici\u00eancia (PCD). As oportunidades s\u00e3o para jovens que estejam cursando ou tenham terminado o 9\u00ba do Ensino Fundamental.<\/a><\/p>\n\n\n\n<p>As inscri\u00e7\u00f5es devem ser feitas pelo site da Escola Firjan SESI (<a rel=\"noreferrer noopener\" target=\"_blank\" href=\"http:\/\/www.escolafirjansesi.com.br\/ensinomedio).A\">www.escolafirjansesi.com.br\/ensinomedio<\/a>), onde tamb\u00e9m est\u00e1 o edital com todas as informa\u00e7\u00f5es. No ato de inscri\u00e7\u00e3o, os interessados devem fornecer uma autodeclara\u00e7\u00e3o de renda familiar per capita bruta de at\u00e9 1,5 sal\u00e1rios m\u00ednimos (alguns candidatos s\u00e3o dispensados desta obrigatoriedade &#8211; confira detalhes no edital) e&nbsp;apresentar declara\u00e7\u00e3o de escolaridade ou certificado&nbsp;de conclus\u00e3o do 9\u00ba ano do Ensino Fundamental.<\/p>\n\n\n\n<p>A inscri\u00e7\u00e3o ser\u00e1 feita apenas pelo site da Escola e os candidatos t\u00eam que anexar os documentos no momento da mesma. Cada documento anexado &#8211;&nbsp; carteira de identidade; c\u00f3pia do CPF; c\u00f3pia da declara\u00e7\u00e3o de escolaridade&nbsp;ou da declara\u00e7\u00e3o de conclus\u00e3o do 9\u00ba ano do Ensino Fundamental; autodeclara\u00e7\u00e3o de renda (exceto casos justific\u00e1veis &#8211; de acordo com o edital, o qual requerem, tamb\u00e9m, documenta\u00e7\u00e3o espec\u00edfica); comprovante de depend\u00eancia de industri\u00e1rio ou ex-industri\u00e1rio com v\u00ednculo at\u00e9 tr\u00eas anos antes da data de publica\u00e7\u00e3o do edital &#8211; deve ter no m\u00e1ximo 1MB e ser de um dos formatos (pdf, bmp, jpeg ou jpg).<\/p>\n\n\n\n<p>O processo \u00e9 aberto para a comunidade em geral, com prioridade de vagas para candidatos do 9\u00ba ano da Escola Firjan SESI e para dependentes de industri\u00e1rios ou ex-industri\u00e1rios (neste caso, com at\u00e9 tr\u00eas anos de desligamento da empresa at\u00e9 a data de publica\u00e7\u00e3o do edital).&nbsp;Mais informa\u00e7\u00f5es tamb\u00e9m podem ser obtidas atrav\u00e9s do telefone&nbsp;<strong>0800 0231 231<\/strong>.<\/p>\n\n\n\n<p>Os locais de prova ser\u00e3o divulgados (on-line) \u00e0s 13h do dia 19 de novembro. As provas ser\u00e3o aplicadas presencialmente no dia 26 de novembro, das 10h \u00e0s 13h. A avalia\u00e7\u00e3o ser\u00e1 composta por 50 quest\u00f5es objetivas de m\u00faltipla escolha, contemplando conte\u00fados L\u00edngua Portuguesa, Matem\u00e1tica, Ci\u00eancias da Natureza e Ci\u00eancias Humanas dos Anos Finais do Ensino Fundamental.<\/p>\n\n\n\n<p><strong>ENSINO M\u00c9DIO FIRJAN SESI + CURSO T\u00c9CNICO FIRJAN SENAI<\/strong><\/p>\n\n\n\n<p>No primeiro ano do Ensino M\u00e9dio, o aluno cursar\u00e1 em um turno as disciplinas da matriz curricular da Escola Firjan SESI &#8211; L\u00edngua Portuguesa; Reda\u00e7\u00e3o; Literatura; L\u00edngua Estrangeira (Ingl\u00eas); Educa\u00e7\u00e3o F\u00edsica; Arte; Matem\u00e1tica; Hist\u00f3ria; Geografia; Filosofia; Sociologia; Biologia; F\u00edsica; e Qu\u00edmica.<\/p>\n\n\n\n<p>Al\u00e9m disso, no primeiro semestre, os alunos cursar\u00e3o no segundo turno dois cursos de inicia\u00e7\u00e3o profissional da Firjan SENAI, com o objetivo de experimenta\u00e7\u00e3o para a escolha do Curso T\u00e9cnico a ser iniciado no segundo semestre: Automa\u00e7\u00e3o Industrial e Inform\u00e1tica.<\/p>\n\n\n\n<p>J\u00e1 no segundo ano, em um turno, o aluno ir\u00e1 cursar o Ensino M\u00e9dio e, no outro, dar\u00e1 continuidade e concluir\u00e1 o Curso T\u00e9cnico.<\/p>\n\n\n\n<p>E por fim, no terceiro ano, em um turno, o aluno dar\u00e1 prosseguimento aos estudos do Ensino M\u00e9dio e, no outro turno, dever\u00e1 cursar preparat\u00f3rio para o Enem aos s\u00e1bados e Pr\u00e1tica Profissional (Est\u00e1gio ou Acelera\u00e7\u00e3o de Projetos em Educa\u00e7\u00e3o Profissional) ao longo da semana.<\/p>\n\n\n\n<p>Quando o Curso T\u00e9cnico oferecido na unidade for da modalidade a dist\u00e2ncia (EaD), haver\u00e1 tamb\u00e9m aulas presenciais correspondentes a 20% da carga hor\u00e1ria, a serem realizadas quinzenalmente aos s\u00e1bados na unidade Firjan SENAI.<\/p>\n","protected":false},"excerpt":{"rendered":"<p>Alunos far\u00e3o Ensino M\u00e9dio na Escola Firjan SESI com curso t\u00e9cnico articulado da Firjan SENAI.<\/p>\n","protected":false},"author":2,"featured_media":5209,"comment_status":"open","ping_status":"open","sticky":false,"template":"","format":"standard","meta":{"footnotes":""},"categories":[12],"tags":[],"class_list":["post-5431","post","type-post","status-publish","format-standard","has-post-thumbnail","hentry","category-cidade"],"_links":{"self":[{"href":"https:\/\/tvc16.com\/portal\/wp-json\/wp\/v2\/posts\/5431","targetHints":{"allow":["GET"]}}],"collection":[{"href":"https:\/\/tvc16.com\/portal\/wp-json\/wp\/v2\/posts"}],"about":[{"href":"https:\/\/tvc16.com\/portal\/wp-json\/wp\/v2\/types\/post"}],"author":[{"embeddable":true,"href":"https:\/\/tvc16.com\/portal\/wp-json\/wp\/v2\/users\/2"}],"replies":[{"embeddable":true,"href":"https:\/\/tvc16.com\/portal\/wp-json\/wp\/v2\/comments?post=5431"}],"version-history":[{"count":2,"href":"https:\/\/tvc16.com\/portal\/wp-json\/wp\/v2\/posts\/5431\/revisions"}],"predecessor-version":[{"id":5467,"href":"https:\/\/tvc16.com\/portal\/wp-json\/wp\/v2\/posts\/5431\/revisions\/5467"}],"wp:featuredmedia":[{"embeddable":true,"href":"https:\/\/tvc16.com\/portal\/wp-json\/wp\/v2\/media\/5209"}],"wp:attachment":[{"href":"https:\/\/tvc16.com\/portal\/wp-json\/wp\/v2\/media?parent=5431"}],"wp:term":[{"taxonomy":"category","embeddable":true,"href":"https:\/\/tvc16.com\/portal\/wp-json\/wp\/v2\/categories?post=5431"},{"taxonomy":"post_tag","embeddable":true,"href":"https:\/\/tvc16.com\/portal\/wp-json\/wp\/v2\/tags?post=5431"}],"curies":[{"name":"wp","href":"https:\/\/api.w.org\/{rel}","templated":true}]}}