{"id":5452,"date":"2020-11-12T11:51:24","date_gmt":"2020-11-12T14:51:24","guid":{"rendered":"https:\/\/tvc16.com\/portal\/?p=5452"},"modified":"2020-11-12T11:51:26","modified_gmt":"2020-11-12T14:51:26","slug":"funcionaria-do-mc-donalds-sofre-injuria-racial-de-diplomata-aposentada","status":"publish","type":"post","link":"https:\/\/tvc16.com\/portal\/2020\/11\/12\/funcionaria-do-mc-donalds-sofre-injuria-racial-de-diplomata-aposentada\/","title":{"rendered":"Funcion\u00e1ria do MC Donalds sofre inj\u00faria racial de diplomata aposentada"},"content":{"rendered":"\n<p>Uma funcion\u00e1ria, de 28 anos, do MC Donalds, localizado na Rua 13 de Maio acionou a Pol\u00edcia Militar na quarta-feira (11), ap\u00f3s sofrer inj\u00faria racial por parte de uma cliente de 71 anos, que \u00e9 diplomata aposentada. Ela contou aos agentes que ouviu palavras de baixo cal\u00e3o e foi menosprezada pela idosa, que ficou insatisfeita por ter que aguardar pelo pedido que havia feito. Uma testemunha confirmou a agress\u00e3o verbal. Diante disso, a mulher foi encaminhada para a 105\u00aa Delegacia de Pol\u00edcia, no Retiro, onde foi autuada por inj\u00faria racial e de acordo com a PM permaneceu presa.<\/p>\n","protected":false},"excerpt":{"rendered":"<p>Uma funcion\u00e1ria, de 28 anos, do MC Donalds, localizado na Rua 13 de Maio acionou<\/p>\n","protected":false},"author":2,"featured_media":5453,"comment_status":"open","ping_status":"open","sticky":false,"template":"","format":"standard","meta":{"footnotes":""},"categories":[12],"tags":[],"class_list":["post-5452","post","type-post","status-publish","format-standard","has-post-thumbnail","hentry","category-cidade"],"_links":{"self":[{"href":"https:\/\/tvc16.com\/portal\/wp-json\/wp\/v2\/posts\/5452","targetHints":{"allow":["GET"]}}],"collection":[{"href":"https:\/\/tvc16.com\/portal\/wp-json\/wp\/v2\/posts"}],"about":[{"href":"https:\/\/tvc16.com\/portal\/wp-json\/wp\/v2\/types\/post"}],"author":[{"embeddable":true,"href":"https:\/\/tvc16.com\/portal\/wp-json\/wp\/v2\/users\/2"}],"replies":[{"embeddable":true,"href":"https:\/\/tvc16.com\/portal\/wp-json\/wp\/v2\/comments?post=5452"}],"version-history":[{"count":1,"href":"https:\/\/tvc16.com\/portal\/wp-json\/wp\/v2\/posts\/5452\/revisions"}],"predecessor-version":[{"id":5454,"href":"https:\/\/tvc16.com\/portal\/wp-json\/wp\/v2\/posts\/5452\/revisions\/5454"}],"wp:featuredmedia":[{"embeddable":true,"href":"https:\/\/tvc16.com\/portal\/wp-json\/wp\/v2\/media\/5453"}],"wp:attachment":[{"href":"https:\/\/tvc16.com\/portal\/wp-json\/wp\/v2\/media?parent=5452"}],"wp:term":[{"taxonomy":"category","embeddable":true,"href":"https:\/\/tvc16.com\/portal\/wp-json\/wp\/v2\/categories?post=5452"},{"taxonomy":"post_tag","embeddable":true,"href":"https:\/\/tvc16.com\/portal\/wp-json\/wp\/v2\/tags?post=5452"}],"curies":[{"name":"wp","href":"https:\/\/api.w.org\/{rel}","templated":true}]}}