{"id":5458,"date":"2020-11-12T16:51:51","date_gmt":"2020-11-12T19:51:51","guid":{"rendered":"https:\/\/tvc16.com\/portal\/?p=5458"},"modified":"2020-11-12T16:51:54","modified_gmt":"2020-11-12T19:51:54","slug":"fernando-rocha-sair-da-globo-me-fez-sair-do-papel-de-vitima","status":"publish","type":"post","link":"https:\/\/tvc16.com\/portal\/2020\/11\/12\/fernando-rocha-sair-da-globo-me-fez-sair-do-papel-de-vitima\/","title":{"rendered":"Fernando Rocha: &#8220;Sair da Globo me fez sair do papel de v\u00edtima&#8221;"},"content":{"rendered":"\n<figure class=\"wp-block-image\"><img decoding=\"async\" src=\"https:\/\/s.yimg.com\/ny\/api\/res\/1.2\/wLZcymO9KzpVR73N_v2fKA--~A\/YXBwaWQ9aGlnaGxhbmRlcjtzbT0xO2ZpPWZpbGw7dz04NDtoPTg0\/https:\/\/media-mbst-pub-ue1.s3.amazonaws.com\/creatr-uploaded-images\/2019-06\/2ca2f210-978d-11e9-acf7-b3ffe857b9cd\" alt=\"\"\/><\/figure>\n\n\n\n<p><a href=\"https:\/\/www.yahoo.com\/author\/fernando-rocha\">Fernando Rocha<\/a><\/p>\n\n\n\n<p>A demiss\u00e3o \u00e9 pagina virada na minha hist\u00f3ria. O tema voltou por um motivo nobre, o lan\u00e7amento do meu novo livro &#8211; que fala exatamente sobre esse assunto. &#8220;Como Ser Leve em um Mundo Pesado\u201d \u00e9 minha narrativa de reconstru\u00e7\u00e3o&nbsp;ap\u00f3s tr\u00eas d\u00e9cadas usando o mesmo crach\u00e1 e tendo o nome da empresa no meu pr\u00f3prio nome: \u201c<a href=\"https:\/\/br.vida-estilo.yahoo.com\/macho-detox-deus-e-homem-ou-mulher-080049499.html\">Fernando Rocha da Globo<\/a>&#8220;, \u201cFernando do Bem Estar\u201d&#8230;<\/p>\n\n\n\n<p>Entender que existe vida inteligente fora da emissora [ou de qualquer outro ambiente de trabalho] \u00e9 uma forma de saber que a vida continua. Centenas de vezes ouvi e tamb\u00e9m pronunciei esse mantra, demiss\u00f5es fazem parte do jogo. \u00c9 um processo natural do mundo corporativo.<\/p>\n\n\n\n<p>Mas a forma de percep\u00e7\u00e3o desse tombo \u00e9 diferente pra cada um: &#8220;Voc\u00ea n\u00e3o faz mais parte dos planos&#8221;. Essa frase ainda est\u00e1 com todas as letras e todas as tintas, mas quanto mais eu enxergo o retrovisor mais longe ela fica. Eu sou um contador de hist\u00f3rias e percebi que essa seria uma hist\u00f3ria e tanto pra se contar, mas antes eu teria que aprender com elas.<\/p>\n\n\n\n<p>Um ano inteiro se passou pra que a terra desse uma volta inteira em torno do sol e pra que eu tamb\u00e9m desse muitas voltas. Falar do livro \u00e9 inevitavelmente falar sobre a demiss\u00e3o da Globo. Mas \u00e9 tamb\u00e9m falar sobre caminhos incr\u00edveis que foram descobertos, sobre finais e partidas necess\u00e1rias para que surja algo novo.<\/p>\n\n\n\n<p>A sa\u00edda de um emprego trouxe uma nova forma de lidar com as pessoas, trouxe um tempo diferente aos dias da semana e uma revis\u00e3o na escala de valores. Uma das palavras que ganharam forma e conte\u00fado foi essa: ESSENCIAL. O que \u00e9? Quando \u00e9?<\/p>\n\n\n\n<p>S\u00e3o perguntas ret\u00f3ricas e as respostas s\u00e3o exerc\u00edcios de vida. Foi assim aos poucos e sempre que encontrei uma forma de caminhar. O livro tem esse mapa de locomo\u00e7\u00e3o na neblina. Por mais forte que seja, o nevoeiro n\u00e3o impede o movimento, mas tem que ser um passo de cada vez.<br><br>A demiss\u00e3o me fez aprender a observar os sinais, a ter resili\u00eancia, bom humor, trocar o papel de v\u00edtima pela iniciativa e tamb\u00e9m valorizar sentimentos que n\u00e3o s\u00e3o t\u00e3o festejados, como o medo e a tristeza por exemplo. Eles existem e fazem parte do que a gente \u00e9.<\/p>\n\n\n\n<p>O movimento faz parte&nbsp; da vida. Quanto mais o tempo passa mais eu entendo. O meu foi esse e me trouxe at\u00e9 aqui.<\/p>\n","protected":false},"excerpt":{"rendered":"<p>Fernando Rocha A demiss\u00e3o \u00e9 pagina virada na minha hist\u00f3ria. O tema voltou por um<\/p>\n","protected":false},"author":2,"featured_media":5459,"comment_status":"open","ping_status":"open","sticky":false,"template":"","format":"standard","meta":{"footnotes":""},"categories":[21],"tags":[],"class_list":["post-5458","post","type-post","status-publish","format-standard","has-post-thumbnail","hentry","category-cultura"],"_links":{"self":[{"href":"https:\/\/tvc16.com\/portal\/wp-json\/wp\/v2\/posts\/5458","targetHints":{"allow":["GET"]}}],"collection":[{"href":"https:\/\/tvc16.com\/portal\/wp-json\/wp\/v2\/posts"}],"about":[{"href":"https:\/\/tvc16.com\/portal\/wp-json\/wp\/v2\/types\/post"}],"author":[{"embeddable":true,"href":"https:\/\/tvc16.com\/portal\/wp-json\/wp\/v2\/users\/2"}],"replies":[{"embeddable":true,"href":"https:\/\/tvc16.com\/portal\/wp-json\/wp\/v2\/comments?post=5458"}],"version-history":[{"count":1,"href":"https:\/\/tvc16.com\/portal\/wp-json\/wp\/v2\/posts\/5458\/revisions"}],"predecessor-version":[{"id":5460,"href":"https:\/\/tvc16.com\/portal\/wp-json\/wp\/v2\/posts\/5458\/revisions\/5460"}],"wp:featuredmedia":[{"embeddable":true,"href":"https:\/\/tvc16.com\/portal\/wp-json\/wp\/v2\/media\/5459"}],"wp:attachment":[{"href":"https:\/\/tvc16.com\/portal\/wp-json\/wp\/v2\/media?parent=5458"}],"wp:term":[{"taxonomy":"category","embeddable":true,"href":"https:\/\/tvc16.com\/portal\/wp-json\/wp\/v2\/categories?post=5458"},{"taxonomy":"post_tag","embeddable":true,"href":"https:\/\/tvc16.com\/portal\/wp-json\/wp\/v2\/tags?post=5458"}],"curies":[{"name":"wp","href":"https:\/\/api.w.org\/{rel}","templated":true}]}}