{"id":5461,"date":"2020-11-12T16:59:50","date_gmt":"2020-11-12T19:59:50","guid":{"rendered":"https:\/\/tvc16.com\/portal\/?p=5461"},"modified":"2020-11-12T16:59:53","modified_gmt":"2020-11-12T19:59:53","slug":"estado-paga-r-6-milhoes-de-renda-emergencial-para-profissionais-da-cultura","status":"publish","type":"post","link":"https:\/\/tvc16.com\/portal\/2020\/11\/12\/estado-paga-r-6-milhoes-de-renda-emergencial-para-profissionais-da-cultura\/","title":{"rendered":"Estado paga R$ 6 milh\u00f5es de renda emergencial para profissionais da cultura"},"content":{"rendered":"\n<p><em>Beneficiados receber\u00e3o aux\u00edlio nos meses de novembro e dezembro<\/em><\/p>\n\n\n\n<p><br>A Secretaria de Estado de Cultura e Economia Criativa (Sececrj) publicou, no Di\u00e1rio Oficial desta quinta-feira (12\/11), o resultado final da renda emergencial da Lei Federal Aldir Blanc. Ser\u00e3o destinados mais de R$ 6 milh\u00f5es para os profissionais inscritos no Cadastro Estadual da Cultura.\u00a0<\/p>\n\n\n\n<p>&#8211; Al\u00e9m de auxiliar esses importantes profissionais com uma renda emergencial digna, o benef\u00edcio ajuda a movimentar a economia fluminense. Todos saem ganhando &#8211; afirmou o governador em exerc\u00edcio Cl\u00e1udio Castro.<br>Os pagamentos s\u00e3o referentes a cinco parcelas do benef\u00edcio, que chega a R$ 3 mil por pessoa. M\u00e3e monoparental receber\u00e1 o dobro do valor. Os dep\u00f3sitos ser\u00e3o feitos em dois lotes, sendo duas parcelas pagas at\u00e9 o dia 30 de novembro e as outras tr\u00eas, em dezembro.<\/p>\n\n\n\n<p>&#8211; A renda emergencial \u00e9 um benef\u00edcio muito importante neste momento, uma vez que os profissionais de cultura foram duramente impactados pela pandemia da Covid-19. Somente com a renda emergencial, s\u00e3o mais de R$ 6 milh\u00f5es para dar o suporte necess\u00e1rio ao setor com o aux\u00edlio emergencial &#8211; disse a secret\u00e1ria de Estado de Cultura e Economia Criativa do Rio, Danielle Barros.<\/p>\n\n\n\n<p>Os habilitados na renda emergencial devem seguir todo o processo de valida\u00e7\u00e3o no Cadastro Estadual de Cultura. Inicialmente, seriam tr\u00eas parcelas, mas devido a um ajuste or\u00e7ament\u00e1rio feito pela Secretaria de Cultura, em parceria com o Governo Federal, o benef\u00edcio foi estendido para cinco meses. Os benefici\u00e1rios receber\u00e3o no total R$ 3 mil (cinco parcelas de R$ 600) e R$ 6 mil (cinco parcelas de R$ 1.200), no caso de m\u00e3e monoparental.<br><strong><br>Passo a passo para solicitar a renda emergencial<\/strong><\/p>\n\n\n\n<p>&#8211; Os aprovados dever\u00e3o acessar a conta na plataforma \u201cGov.br\u201d do Governo Federal (<a rel=\"noreferrer noopener\" target=\"_blank\" href=\"http:\/\/www.gov.br\/\">www.gov.br<\/a>), e obter o selo de confiabilidade via internet banking, valida\u00e7\u00e3o biom\u00e9trica, certificado digital ou balc\u00e3o INSS, para reconhecimento inequ\u00edvoco do benefici\u00e1rio.<\/p>\n\n\n\n<p>&#8211; Posteriormente, o usu\u00e1rio dever\u00e1 voltar no mesmo sistema em que se inscreveu (<a rel=\"noreferrer noopener\" target=\"_blank\" href=\"https:\/\/aldirblancrj.serpro.gov.br\/\">https:\/\/aldirblancrj.serpro.gov.br\/<\/a>) e informar a conta banc\u00e1ria, preferencialmente poupan\u00e7a.<\/p>\n\n\n\n<p>&#8211; As parcelas de novembro ser\u00e3o enviadas em quatro lotes para pagamento at\u00e9 o dia 25, a partir das informa\u00e7\u00f5es fornecidas pelos benefici\u00e1rios sobre sua conta banc\u00e1ria na plataforma. J\u00e1 os pagamentos processados para o m\u00eas de dezembro ser\u00e3o pagos em lote \u00fanico.<\/p>\n\n\n\n<p><strong>Lei Aldir Blanc no Rio&nbsp;<\/strong><\/p>\n\n\n\n<p>A renda emergencial \u00e9 uma das linhas da Lei Aldir Blanc que cabe ao Estado. No total, o Rio de Janeiro recebeu R$ 104 milh\u00f5es, que foram divididos entre esta linha e os editais de fomento \u00e0 cultura. A renda emergencial \u00e9 destinada a pessoas f\u00edsicas que conseguiram comprovar atua\u00e7\u00e3o no setor cultural nos \u00faltimos dois anos, desde que n\u00e3o tenham emprego formal ativo.<\/p>\n\n\n\n<p>Houve uma s\u00e9rie de regras, como ter renda familiar mensal per capita de at\u00e9 meio sal\u00e1rio m\u00ednimo (R$ 522,50) ou renda familiar mensal total de at\u00e9 tr\u00eas sal\u00e1rios m\u00ednimos (R$ 3.135), al\u00e9m de n\u00e3o receberem o aux\u00edlio aqueles que j\u00e1 possuem benef\u00edcio previdenci\u00e1rio ou assistencial (com exce\u00e7\u00e3o do Bolsa Fam\u00edlia), seguro-desemprego ou estejam cadastrados no aux\u00edlio emergencial geral.<\/p>\n\n\n\n<p><strong>Confira o link do D.O de hoje<\/strong>:&nbsp;<a rel=\"noreferrer noopener\" target=\"_blank\" href=\"http:\/\/cultura.rj.gov.br\/aldir-blanc-renda-emergencial\/\">http:\/\/cultura.rj.gov.br\/aldir-blanc-renda-emergencial\/<\/a>.<\/p>\n","protected":false},"excerpt":{"rendered":"<p>Beneficiados receber\u00e3o aux\u00edlio nos meses de novembro e dezembro A Secretaria de Estado de Cultura<\/p>\n","protected":false},"author":2,"featured_media":5462,"comment_status":"open","ping_status":"open","sticky":false,"template":"","format":"standard","meta":{"footnotes":""},"categories":[21],"tags":[],"class_list":["post-5461","post","type-post","status-publish","format-standard","has-post-thumbnail","hentry","category-cultura"],"_links":{"self":[{"href":"https:\/\/tvc16.com\/portal\/wp-json\/wp\/v2\/posts\/5461","targetHints":{"allow":["GET"]}}],"collection":[{"href":"https:\/\/tvc16.com\/portal\/wp-json\/wp\/v2\/posts"}],"about":[{"href":"https:\/\/tvc16.com\/portal\/wp-json\/wp\/v2\/types\/post"}],"author":[{"embeddable":true,"href":"https:\/\/tvc16.com\/portal\/wp-json\/wp\/v2\/users\/2"}],"replies":[{"embeddable":true,"href":"https:\/\/tvc16.com\/portal\/wp-json\/wp\/v2\/comments?post=5461"}],"version-history":[{"count":1,"href":"https:\/\/tvc16.com\/portal\/wp-json\/wp\/v2\/posts\/5461\/revisions"}],"predecessor-version":[{"id":5463,"href":"https:\/\/tvc16.com\/portal\/wp-json\/wp\/v2\/posts\/5461\/revisions\/5463"}],"wp:featuredmedia":[{"embeddable":true,"href":"https:\/\/tvc16.com\/portal\/wp-json\/wp\/v2\/media\/5462"}],"wp:attachment":[{"href":"https:\/\/tvc16.com\/portal\/wp-json\/wp\/v2\/media?parent=5461"}],"wp:term":[{"taxonomy":"category","embeddable":true,"href":"https:\/\/tvc16.com\/portal\/wp-json\/wp\/v2\/categories?post=5461"},{"taxonomy":"post_tag","embeddable":true,"href":"https:\/\/tvc16.com\/portal\/wp-json\/wp\/v2\/tags?post=5461"}],"curies":[{"name":"wp","href":"https:\/\/api.w.org\/{rel}","templated":true}]}}