{"id":5468,"date":"2020-11-12T17:08:16","date_gmt":"2020-11-12T20:08:16","guid":{"rendered":"https:\/\/tvc16.com\/portal\/?p=5468"},"modified":"2020-11-12T17:08:18","modified_gmt":"2020-11-12T20:08:18","slug":"eleicoes-2020-tse-reforca-acoes-para-evitar-contagio-da-covid-19-durante-votacao","status":"publish","type":"post","link":"https:\/\/tvc16.com\/portal\/2020\/11\/12\/eleicoes-2020-tse-reforca-acoes-para-evitar-contagio-da-covid-19-durante-votacao\/","title":{"rendered":"Elei\u00e7\u00f5es 2020: TSE refor\u00e7a a\u00e7\u00f5es para evitar cont\u00e1gio da Covid-19 durante vota\u00e7\u00e3o"},"content":{"rendered":"\n<p>Tribunal publicou Plano de Seguran\u00e7a Sanit\u00e1ria para auxiliar eleitores, mes\u00e1rios e poder p\u00fablico<\/p>\n\n\n\n<p>A poucos dias do primeiro turno das Elei\u00e7\u00f5es Municipais deste ano, o Tribunal Superior Eleitoral (TSE) alerta a popula\u00e7\u00e3o sobre as medidas de seguran\u00e7a que devem ser tomadas por todos no dia da vota\u00e7\u00e3o para evitar o cont\u00e1gio do novo coronav\u00edrus. Para auxiliar eleitores, candidatos e poder p\u00fablico durante o pleito, o TSE publicou o <a href=\"https:\/\/www.tse.jus.br\/imprensa\/noticias-tse\/arquivos\/plano-de-seguranca-sanitaria-eleicoes-2020\/rybena_pdf?file=https:\/\/www.tse.jus.br\/imprensa\/noticias-tse\/arquivos\/plano-de-seguranca-sanitaria-eleicoes-2020\/at_download\/file\" target=\"_blank\" rel=\"noreferrer noopener\">Plano de Seguran\u00e7a Sanit\u00e1ria<\/a>. A publica\u00e7\u00e3o, que pode ser baixada no site do tribunal, cont\u00e9m diretrizes sobre a\u00e7\u00f5es a serem tomadas nessas elei\u00e7\u00f5es.<\/p>\n\n\n\n<p>Em live promovida pelo TSE, Google Brasil e Instituto Palavra Aberta, o m\u00e9dico Roberto Kalil Filho, presidente do Instituto do Cora\u00e7\u00e3o (Incor), refor\u00e7ou que o mundo ainda enfrenta uma pandemia. Segundo ele, \u00e9 fundamental que todos os eleitores respeitem as medidas de conten\u00e7\u00e3o da Covid-19.&nbsp;<\/p>\n\n\n\n<p>\u201cAinda estamos na pandemia. Independentemente do processo eleitoral todos precisam usar m\u00e1scaras e o distanciamento se faz necess\u00e1rio para evitar a contamina\u00e7\u00e3o, nos protegermos e tamb\u00e9m proteger o pr\u00f3ximo\u201d, afirmou o m\u00e9dico.<\/p>\n\n\n\n<p>Por conta da pandemia, o Congresso Nacional alterou o calend\u00e1rio eleitoral previsto para este ano. Anteriormente, o primeiro e segundo turno estavam marcados para 4 e 25 de outubro, respectivamente. Com a aprova\u00e7\u00e3o de uma Proposta de Emenda \u00e0 Constitui\u00e7\u00e3o (PEC), as datas passaram para 15 e 29 deste m\u00eas.&nbsp;<\/p>\n\n\n\n<figure class=\"wp-block-image\"><img decoding=\"async\" src=\"\/\/s3-sa-east-1.amazonaws.com\/agencia-radio-arb\/3106\/content_candidaturas-eleicoes.png\" alt=\"\"\/><\/figure>\n\n\n\n<p>Neste ano, os eleitores n\u00e3o precisar\u00e3o se identificar por meio de biometria, segundo determina\u00e7\u00e3o do TSE para minimizar o risco de cont\u00e1gio do coronav\u00edrus. Al\u00e9m disso, o presidente da Corte, ministro Lu\u00eds Roberto Barroso, disse que o Minist\u00e9rio da Sa\u00fade disponibilizou tr\u00eas milh\u00f5es de m\u00e1scaras para serem distribu\u00eddas aos eleitores que eventualmente compare\u00e7am aos postos de vota\u00e7\u00e3o sem o acess\u00f3rio.&nbsp;<\/p>\n\n\n\n<p>\u201cO Minist\u00e9rio da Sa\u00fade gentilmente disponibilizou tr\u00eas milh\u00f5es de m\u00e1scaras para eleitores que eventualmente n\u00e3o a tenham. Estamos falando de pessoas que n\u00e3o tenham condi\u00e7\u00f5es de comprar ou que tiveram algum problema [para n\u00e3o lev\u00e1-las].\u201d<\/p>\n\n\n\n<p>O TSE recomenda que eleitores e mes\u00e1rios com sintomas da Covid-19 ou que tenham sido contaminados pela doen\u00e7a at\u00e9 14 dias antes das elei\u00e7\u00f5es n\u00e3o compare\u00e7am aos locais de vota\u00e7\u00e3o. O tribunal ampliou o hor\u00e1rio de vota\u00e7\u00e3o das Elei\u00e7\u00f5es Municipais deste ano em uma hora e ocorrer\u00e1 das 7h \u00e0s 17h. No entanto, entre 7h e 10h, o hor\u00e1rio ser\u00e1 preferencial para as pessoas com mais de 60 anos. &nbsp;Para mais informa\u00e7\u00f5es acesse: <a href=\"https:\/\/www.tse.jus.br\" target=\"_blank\" rel=\"noreferrer noopener\">https:\/\/www.tse.jus.br<\/a>\/<\/p>\n\n\n\n<p>Fonte: <a href=\"https:\/\/brasil61.com\/noticias\/eleicoes-2020-tse-reforca-acoes-para-evitar-contagio-da-covid-19-durante-votacao-bras202539?email=bethdeoliveira@yahoo.com.br&amp;utm_source=newsletter&amp;utm_medium=newsletter&amp;utm_campaign=newsletter\" target=\"_blank\" rel=\"noreferrer noopener\">Brasil 61<\/a><\/p>\n","protected":false},"excerpt":{"rendered":"<p>Tribunal publicou Plano de Seguran\u00e7a Sanit\u00e1ria para auxiliar eleitores, mes\u00e1rios e poder p\u00fablico A poucos<\/p>\n","protected":false},"author":2,"featured_media":5469,"comment_status":"open","ping_status":"open","sticky":false,"template":"","format":"standard","meta":{"footnotes":""},"categories":[15],"tags":[],"class_list":["post-5468","post","type-post","status-publish","format-standard","has-post-thumbnail","hentry","category-politica"],"_links":{"self":[{"href":"https:\/\/tvc16.com\/portal\/wp-json\/wp\/v2\/posts\/5468","targetHints":{"allow":["GET"]}}],"collection":[{"href":"https:\/\/tvc16.com\/portal\/wp-json\/wp\/v2\/posts"}],"about":[{"href":"https:\/\/tvc16.com\/portal\/wp-json\/wp\/v2\/types\/post"}],"author":[{"embeddable":true,"href":"https:\/\/tvc16.com\/portal\/wp-json\/wp\/v2\/users\/2"}],"replies":[{"embeddable":true,"href":"https:\/\/tvc16.com\/portal\/wp-json\/wp\/v2\/comments?post=5468"}],"version-history":[{"count":1,"href":"https:\/\/tvc16.com\/portal\/wp-json\/wp\/v2\/posts\/5468\/revisions"}],"predecessor-version":[{"id":5470,"href":"https:\/\/tvc16.com\/portal\/wp-json\/wp\/v2\/posts\/5468\/revisions\/5470"}],"wp:featuredmedia":[{"embeddable":true,"href":"https:\/\/tvc16.com\/portal\/wp-json\/wp\/v2\/media\/5469"}],"wp:attachment":[{"href":"https:\/\/tvc16.com\/portal\/wp-json\/wp\/v2\/media?parent=5468"}],"wp:term":[{"taxonomy":"category","embeddable":true,"href":"https:\/\/tvc16.com\/portal\/wp-json\/wp\/v2\/categories?post=5468"},{"taxonomy":"post_tag","embeddable":true,"href":"https:\/\/tvc16.com\/portal\/wp-json\/wp\/v2\/tags?post=5468"}],"curies":[{"name":"wp","href":"https:\/\/api.w.org\/{rel}","templated":true}]}}