{"id":5474,"date":"2020-11-12T17:16:20","date_gmt":"2020-11-12T20:16:20","guid":{"rendered":"https:\/\/tvc16.com\/portal\/?p=5474"},"modified":"2020-11-12T17:16:22","modified_gmt":"2020-11-12T20:16:22","slug":"nova-iguacu-vai-interditar-ruas-para-o-dia-das-eleicoes","status":"publish","type":"post","link":"https:\/\/tvc16.com\/portal\/2020\/11\/12\/nova-iguacu-vai-interditar-ruas-para-o-dia-das-eleicoes\/","title":{"rendered":"Nova Igua\u00e7u vai interditar ruas para o dia das elei\u00e7\u00f5es"},"content":{"rendered":"\n<p><br>O esquema de tr\u00e2nsito de Nova Igua\u00e7u para o primeiro turno das elei\u00e7\u00f5es municipais, que acontece neste domingo (15), foi divulgado nesta quinta-feira (12) pela Secretaria Municipal de Transporte, Tr\u00e2nsito e Mobilidade Urbana (SEMTMU). Algumas ruas da cidade foram fechadas, como a Rua Maria Campos de Carvalho, no trecho entre as ruas Doutor Barros J\u00fanior Olinda Wilman, no Centro, at\u00e9 as 17h. Elas voltam a ser reabertas nesta sexta e, no dia 14, sofrem altera\u00e7\u00e3o, por\u00e9m com o mesmo hor\u00e1rio, sendo que no dia 15 a interdi\u00e7\u00e3o ser\u00e1 das 14h30 \u00e0 00h de segunda-feira.<br>Um trecho da Rua Luis Alves tamb\u00e9m foi interditado at\u00e9 s\u00e1bado (exceto esta sexta-feira) e, no dia de elei\u00e7\u00e3o, tamb\u00e9m passar\u00e1 a ser de 14h30 \u00e0s 00h. O fechamento se deve a uma determina\u00e7\u00e3o do TRE para locais onde h\u00e1 tamb\u00e9m cart\u00f3rios eleitorais e galp\u00f5es onde s\u00e3o guardadas as urnas eletr\u00f4nicas.<br>Cerca de 20 agentes de tr\u00e2nsitos ficar\u00e3o baseados em pontos espec\u00edficos e far\u00e3o patrulhamento e fiscaliza\u00e7\u00e3o com motocicletas e viaturas para organizar o fluxo de ve\u00edculos no munic\u00edpio, que conta com mais de 588 mil eleitores.<br>Das 7h30 \u00e0s 16h, a Rua Get\u00falio Vargas, entre as ruas Humberto Gentil Baroni e Bernardino de Melo, tamb\u00e9m ficar\u00e1 fechada at\u00e9 s\u00e1bado (exceto esta sexta). J\u00e1 a Rua Jos\u00e9 de Anchieta, entre a Rua Muniz Barreto e a Travessa Barros Lima, em Vila de Cava, estar\u00e1 interditada no domingo das 7h \u00e0s 20h.<\/p>\n\n\n\n<figure class=\"wp-block-image size-large\"><img loading=\"lazy\" decoding=\"async\" width=\"1024\" height=\"683\" src=\"https:\/\/tvc16.com\/portal\/wp-content\/uploads\/2020\/11\/IMG_9024-1024x683.jpg\" alt=\"\" class=\"wp-image-5477\" srcset=\"https:\/\/tvc16.com\/portal\/wp-content\/uploads\/2020\/11\/IMG_9024-1024x683.jpg 1024w, https:\/\/tvc16.com\/portal\/wp-content\/uploads\/2020\/11\/IMG_9024-300x200.jpg 300w, https:\/\/tvc16.com\/portal\/wp-content\/uploads\/2020\/11\/IMG_9024-768x512.jpg 768w, https:\/\/tvc16.com\/portal\/wp-content\/uploads\/2020\/11\/IMG_9024-1536x1024.jpg 1536w, https:\/\/tvc16.com\/portal\/wp-content\/uploads\/2020\/11\/IMG_9024-900x600.jpg 900w, https:\/\/tvc16.com\/portal\/wp-content\/uploads\/2020\/11\/IMG_9024.jpg 1920w\" sizes=\"auto, (max-width: 1024px) 100vw, 1024px\" \/><\/figure>\n\n\n\n<p><br><strong>Confira os hor\u00e1rios e locais de interdi\u00e7\u00e3o de ruas no dia das elei\u00e7\u00f5es (15):<\/strong><br><br>Rua Maria Campos de Carvalho entre a Doutor Barros J\u00fanior e Orlinda Wilman (14h30 \u00e0s 0h)<br>Rua Luis Alves entre Maria Campos de Carvalho e Otavio Ascoli (14h30 \u00e0s 0h)<br>Rua Get\u00falio Vargas entre a Humberto Gentil Baroni e Bernardino de Melo (5h30 \u00e0s 22h)<br>Rua Paulo Froes Machado entre a Humberto Gentil Baroni e Bernardino de Melo (5h30 \u00e0s 22h<\/p>\n\n\n\n<p>&#8212;<\/p>\n","protected":false},"excerpt":{"rendered":"<p>O esquema de tr\u00e2nsito de Nova Igua\u00e7u para o primeiro turno das elei\u00e7\u00f5es municipais, que<\/p>\n","protected":false},"author":2,"featured_media":5475,"comment_status":"open","ping_status":"open","sticky":false,"template":"","format":"standard","meta":{"footnotes":""},"categories":[17],"tags":[],"class_list":["post-5474","post","type-post","status-publish","format-standard","has-post-thumbnail","hentry","category-outras-noticias"],"_links":{"self":[{"href":"https:\/\/tvc16.com\/portal\/wp-json\/wp\/v2\/posts\/5474","targetHints":{"allow":["GET"]}}],"collection":[{"href":"https:\/\/tvc16.com\/portal\/wp-json\/wp\/v2\/posts"}],"about":[{"href":"https:\/\/tvc16.com\/portal\/wp-json\/wp\/v2\/types\/post"}],"author":[{"embeddable":true,"href":"https:\/\/tvc16.com\/portal\/wp-json\/wp\/v2\/users\/2"}],"replies":[{"embeddable":true,"href":"https:\/\/tvc16.com\/portal\/wp-json\/wp\/v2\/comments?post=5474"}],"version-history":[{"count":1,"href":"https:\/\/tvc16.com\/portal\/wp-json\/wp\/v2\/posts\/5474\/revisions"}],"predecessor-version":[{"id":5478,"href":"https:\/\/tvc16.com\/portal\/wp-json\/wp\/v2\/posts\/5474\/revisions\/5478"}],"wp:featuredmedia":[{"embeddable":true,"href":"https:\/\/tvc16.com\/portal\/wp-json\/wp\/v2\/media\/5475"}],"wp:attachment":[{"href":"https:\/\/tvc16.com\/portal\/wp-json\/wp\/v2\/media?parent=5474"}],"wp:term":[{"taxonomy":"category","embeddable":true,"href":"https:\/\/tvc16.com\/portal\/wp-json\/wp\/v2\/categories?post=5474"},{"taxonomy":"post_tag","embeddable":true,"href":"https:\/\/tvc16.com\/portal\/wp-json\/wp\/v2\/tags?post=5474"}],"curies":[{"name":"wp","href":"https:\/\/api.w.org\/{rel}","templated":true}]}}