{"id":5479,"date":"2020-11-12T17:26:45","date_gmt":"2020-11-12T20:26:45","guid":{"rendered":"https:\/\/tvc16.com\/portal\/?p=5479"},"modified":"2020-11-12T17:26:47","modified_gmt":"2020-11-12T20:26:47","slug":"reforma-da-previdencia-brasileira-completa-um-ano","status":"publish","type":"post","link":"https:\/\/tvc16.com\/portal\/2020\/11\/12\/reforma-da-previdencia-brasileira-completa-um-ano\/","title":{"rendered":"Reforma da Previd\u00eancia brasileira completa um ano"},"content":{"rendered":"\n<h2 class=\"wp-block-heading\">Governo espera que reforma traga economia de R$ 800 bilh\u00f5es em 10 anos<\/h2>\n\n\n\n<h4 class=\"wp-block-heading\">Aprovada pelo Congresso Nacional no m\u00eas de novembro, a reforma da Previd\u00eancia\u00a0completa hoje (12) um ano de sua promulga\u00e7\u00e3o. Entre as mudan\u00e7as trazidas pela\u00a0<a rel=\"noreferrer noopener\" href=\"http:\/\/www.planalto.gov.br\/ccivil_03\/constituicao\/emendas\/emc\/emc103.htm\" target=\"_blank\">reforma do sistema previdenci\u00e1rio<\/a>\u00a0est\u00e3o a institui\u00e7\u00e3o de novas idades de aposentadoria, novo tempo m\u00ednimo de contribui\u00e7\u00e3o, regras de transi\u00e7\u00e3o para quem j\u00e1 \u00e9 segurado, de novas al\u00edquotas de contribui\u00e7\u00e3o para a Previd\u00eancia, entre outras mudan\u00e7as.<img decoding=\"async\" src=\"https:\/\/agenciabrasil.ebc.com.br\/ebc.png?id=1393051&amp;o=node\"><img decoding=\"async\" src=\"https:\/\/agenciabrasil.ebc.com.br\/ebc.gif?id=1393051&amp;o=node\"><\/h4>\n\n\n\n<p>A expectativa do governo \u00e9 que, em 10 anos, a&nbsp;<a href=\"https:\/\/agenciabrasil.ebc.com.br\/tags\/reforma-da-previdencia-0\" target=\"_blank\" rel=\"noreferrer noopener\">reforma<\/a>&nbsp;garanta uma economia de cerca de R$ 800 bilh\u00f5es aos cofres da Uni\u00e3o.<\/p>\n\n\n\n<p>Pela regra geral aprovada, os trabalhadores urbanos se aposentar\u00e3o a partir dos 62 anos (mulheres) e 65 anos (homens). As mulheres ter\u00e3o 15 anos m\u00ednimos de contribui\u00e7\u00e3o. Os homens que j\u00e1 contribuem para o Instituto Nacional do Seguro Social (INSS) tamb\u00e9m ter\u00e3o 15 anos de contribui\u00e7\u00e3o, mas os que ainda n\u00e3o entraram no mercado de trabalho ter\u00e3o de contribuir por pelo menos 20 anos para conquistar a aposentadoria.<\/p>\n\n\n\n<p>Outra mudan\u00e7a importante \u00e9 o c\u00e1lculo do benef\u00edcio que vai se basear na m\u00e9dia de todos os sal\u00e1rios do trabalhador e n\u00e3o nos 80% maiores como hoje. Al\u00e9m disso, com 20 anos de contribui\u00e7\u00e3o, os trabalhadores homens ter\u00e3o apenas 60% da m\u00e9dia. Esse percentual sobe 2 pontos por cada ano de trabalho a mais. Para as mulheres, o tempo de contribui\u00e7\u00e3o m\u00ednimo \u00e9 de 15 anos.<\/p>\n\n\n\n<p>A reforma tamb\u00e9m trouxe a redu\u00e7\u00e3o da pens\u00e3o por morte em 40% quando o \u00fanico dependente \u00e9 o c\u00f4njuge. A acumula\u00e7\u00e3o de pens\u00e3o com aposentadoria tamb\u00e9m \u00e9 restringida. A regra aprovada prev\u00ea que a pens\u00e3o ser\u00e1 equivalentes 50% do valor da aposentadoria do segurado, acrescida de cotas de 10 pontos percentuais por dependente, at\u00e9 o m\u00e1ximo de 100%.<\/p>\n\n\n\n<p>Na avalia\u00e7\u00e3o do Minist\u00e9rio da Economia, a reforma aproxima as regras aplic\u00e1veis aos dois principais regimes p\u00fablicos e obrigat\u00f3rios: o Regime Geral de Previd\u00eancia Social (RGPS) e o Regime Pr\u00f3prio de Previd\u00eancia Social (RPPS) da Uni\u00e3o.<\/p>\n\n\n\n<p>Outro mudan\u00e7a institu\u00edda pela reforma \u00e9 a de que os entes federativos com&nbsp;RPPS dever\u00e3o instituir regime de previd\u00eancia complementar e adotar o teto de benef\u00edcios do RGPS no prazo de at\u00e9 dois&nbsp;anos.<\/p>\n\n\n\n<p>Segundo a pasta, \u201ca obrigatoriedade de institui\u00e7\u00e3o de previd\u00eancia complementar implica que novos servidores dos RPPS dos entes subnacionais ter\u00e3o o mesmo \u201cteto\u201d que os trabalhadores vinculados em RGPS, com impactos positivos do ponto de vista fiscal e distributivo.\u201d<\/p>\n\n\n\n<p>Por Luciano Nascimento &#8211; Rep\u00f3rter da Ag\u00eancia Brasil &#8211; Bras\u00edlia<\/p>\n\n\n\n<p>Edi\u00e7\u00e3o: Aline Leal<\/p>\n","protected":false},"excerpt":{"rendered":"<p>Governo espera que reforma traga economia de R$ 800 bilh\u00f5es em 10 anos Aprovada pelo<\/p>\n","protected":false},"author":2,"featured_media":5481,"comment_status":"open","ping_status":"open","sticky":false,"template":"","format":"standard","meta":{"footnotes":""},"categories":[14],"tags":[],"class_list":["post-5479","post","type-post","status-publish","format-standard","has-post-thumbnail","hentry","category-pais"],"_links":{"self":[{"href":"https:\/\/tvc16.com\/portal\/wp-json\/wp\/v2\/posts\/5479","targetHints":{"allow":["GET"]}}],"collection":[{"href":"https:\/\/tvc16.com\/portal\/wp-json\/wp\/v2\/posts"}],"about":[{"href":"https:\/\/tvc16.com\/portal\/wp-json\/wp\/v2\/types\/post"}],"author":[{"embeddable":true,"href":"https:\/\/tvc16.com\/portal\/wp-json\/wp\/v2\/users\/2"}],"replies":[{"embeddable":true,"href":"https:\/\/tvc16.com\/portal\/wp-json\/wp\/v2\/comments?post=5479"}],"version-history":[{"count":1,"href":"https:\/\/tvc16.com\/portal\/wp-json\/wp\/v2\/posts\/5479\/revisions"}],"predecessor-version":[{"id":5482,"href":"https:\/\/tvc16.com\/portal\/wp-json\/wp\/v2\/posts\/5479\/revisions\/5482"}],"wp:featuredmedia":[{"embeddable":true,"href":"https:\/\/tvc16.com\/portal\/wp-json\/wp\/v2\/media\/5481"}],"wp:attachment":[{"href":"https:\/\/tvc16.com\/portal\/wp-json\/wp\/v2\/media?parent=5479"}],"wp:term":[{"taxonomy":"category","embeddable":true,"href":"https:\/\/tvc16.com\/portal\/wp-json\/wp\/v2\/categories?post=5479"},{"taxonomy":"post_tag","embeddable":true,"href":"https:\/\/tvc16.com\/portal\/wp-json\/wp\/v2\/tags?post=5479"}],"curies":[{"name":"wp","href":"https:\/\/api.w.org\/{rel}","templated":true}]}}