{"id":5483,"date":"2020-11-12T17:29:57","date_gmt":"2020-11-12T20:29:57","guid":{"rendered":"https:\/\/tvc16.com\/portal\/?p=5483"},"modified":"2020-11-12T17:29:59","modified_gmt":"2020-11-12T20:29:59","slug":"tite-esboca-selecao-com-quatro-novidades-para-duelo-contra-venezuela","status":"publish","type":"post","link":"https:\/\/tvc16.com\/portal\/2020\/11\/12\/tite-esboca-selecao-com-quatro-novidades-para-duelo-contra-venezuela\/","title":{"rendered":"Tite esbo\u00e7a sele\u00e7\u00e3o com quatro novidades para duelo contra Venezuela"},"content":{"rendered":"\n<h3 class=\"wp-block-heading\">Gabriel Menino, com covid-19, est\u00e1 fora dos 2 \u00faltimos jogos deste ano<\/h3>\n\n\n\n<p>A sele\u00e7\u00e3o brasileira finalizou a prepara\u00e7\u00e3o para o duelo desta\u00a0sexta-feira (13) contra a Venezuela, \u00e0s 21h30 (hor\u00e1rio de Bras\u00edlia), no Morumbi, pelas Eliminat\u00f3rias Sul-Americanas da Copa do Mundo do Catar\u00a02022.\u00a0A delega\u00e7\u00e3o deixa a Granja Comary, em Teres\u00f3polis (RJ), nesta\u00a0quinta-feira (12) \u00e0 tarde e embarca para S\u00e3o Paulo, onde fica at\u00e9\u00a0segunda-feira (16). Da capital paulista, o grupo viaja para Montevid\u00e9u, onde enfrentar\u00e1 o Uruguai na\u00a0ter\u00e7a-feira (17). O jogo da sele\u00e7\u00e3o amanh\u00e3 (13) ter\u00e1 transmiss\u00e3o da\u00a0<a href=\"https:\/\/radios.ebc.com.br\/nacionalrioam\"><strong>R\u00e1dio Nacional,<\/strong><\/a>\u00a0com narra\u00e7\u00e3o de Andr\u00e9 Luiz Mendes, e coment\u00e1rios de M\u00e1rio Silva e Bruno Mendes.\u00a0<img decoding=\"async\" src=\"https:\/\/agenciabrasil.ebc.com.br\/ebc.png?id=1393040&amp;o=node\"><img decoding=\"async\" src=\"https:\/\/agenciabrasil.ebc.com.br\/ebc.gif?id=1393040&amp;o=node\"><\/p>\n\n\n\n<p>Devido aos protocolos sanit\u00e1rios da Confedera\u00e7\u00e3o Sul-Americana de Futebol (Conmebol), em raz\u00e3o da pandemia do novo coronav\u00edrus (covid-19), a imprensa n\u00e3o pode acompanhar a prepara\u00e7\u00e3o&nbsp;in loco. Os treinos t\u00eam sido exibidos pelo canal da Confedera\u00e7\u00e3o Brasileira de Futebol (CBF) no&nbsp;YouTube. Nesta&nbsp;quinta (12) pela manh\u00e3, Tite liberou a transmiss\u00e3o dos primeiros 38 minutos da atividade &#8211; aquecimento e trabalho t\u00e9cnico e t\u00e1tico. O treino de bola parada, iniciado na sequ\u00eancia, n\u00e3o foi mostrado.<\/p>\n\n\n\n<figure class=\"wp-block-embed-youtube wp-block-embed is-type-rich is-provider-incorporar-manipulador wp-embed-aspect-16-9 wp-has-aspect-ratio\"><div class=\"wp-block-embed__wrapper\">\n<iframe loading=\"lazy\" title=\"SELE\u00c7\u00c3O BRASILEIRA faz \u00faltimo treino na Granja antes de enfrentar a Venezuela\" width=\"640\" height=\"360\" src=\"https:\/\/www.youtube.com\/embed\/_Yc6JRhPY8Q?feature=oembed\" frameborder=\"0\" allow=\"accelerometer; autoplay; clipboard-write; encrypted-media; gyroscope; picture-in-picture; web-share\" referrerpolicy=\"strict-origin-when-cross-origin\" allowfullscreen><\/iframe>\n<\/div><\/figure>\n\n\n\n<p>Ao longo da semana, Tite n\u00e3o fez mist\u00e9rio sobre o time que dever\u00e1 mandar \u00e0 campo. Na \u00faltima&nbsp;quarta-feira (11), ele separou os jogadores em duas equipes. A que treinou sem colete foi a prov\u00e1vel forma\u00e7\u00e3o titular, com Alisson no gol, Danilo e Renan Lodi nas laterais e Marquinhos e Thiago Silva na zaga. No meio-campo, alinharam Allan, Douglas Luiz e Everton Ribeiro. J\u00e1 \u00e0 frente, os escolhidos foram Gabriel Jesus, Richarlison e Roberto Firmino.<\/p>\n\n\n\n<p>Em rela\u00e7\u00e3o \u00e0 equipe que&nbsp;derrotou&nbsp;o Peru em Lima por 4 a 2 &#8211; com transmiss\u00e3o ao vivo da&nbsp;TV Brasil&nbsp;&#8211; na rodada anterior das eliminat\u00f3rias, s\u00e3o quatro novidades. Recuperado de les\u00e3o, Alisson (que teve de ser cortado na convoca\u00e7\u00e3o passada) ocupou o lugar de Weverton. Sem o volante Casemiro (positivo para covid-19) e o meia Philippe Coutinho (contundido), Tite optou por Allan e Everton Ribeiro para as vagas.<\/p>\n\n\n\n<p>Por fim, no ataque, Gabriel Jesus substituiu Neymar. O jogador do Paris Saint-Germain (Fran\u00e7a) trata uma les\u00e3o na perna esquerda e pode ficar \u00e0 disposi\u00e7\u00e3o para o&nbsp;jogo seguinte, contra o Uruguai. O atacante do Manchester City (Inglaterra) treinou atuando pela direita, com Richarlison centralizado e Firmino jogando um pouco mais atr\u00e1s, com a liberdade que Neymar costuma&nbsp;ter.<\/p>\n\n\n\n<figure class=\"wp-block-image\"><img decoding=\"async\" src=\"https:\/\/imagens.ebc.com.br\/igivCHXyP4Ln3FAlVZ-cb-Ziveo=\/754x0\/smart\/https:\/\/agenciabrasil.ebc.com.br\/sites\/default\/files\/thumbnails\/image\/allan_selecao_brasileira.jpg?itok=ZmMz2GsQ\" alt=\"Allan est\u00e1 escalado como titular da sele\u00e7\u00e3o brasileira no jogo contra a Venezuela, pelas Eliminat\u00f3rias da Copa do Mundo do Catar\" title=\"Lucas Figueiredo\/CBF\/Direitos Reservados\"\/><\/figure>\n\n\n\n<h6 class=\"wp-block-heading\">Allan pode ter chance com titular no jogo desta sexta (13) contra a Venezuela, no Morumbi, pelas Eliminat\u00f3rias Sul-Americanas da Copa do Mundo do Catar &#8211;&nbsp;<strong>Lucas Figueiredo\/CBF\/Direitos Reservados<\/strong><\/h6>\n\n\n\n<p>Antes de vencer o Peru, o Brasil goleou a Bol\u00edvia por 5 a 0 na Neo Qu\u00edmica Arena, em S\u00e3o Paulo. Com seis pontos, a sele\u00e7\u00e3o lidera as eliminat\u00f3rias com a mesma pontua\u00e7\u00e3o da Argentina, mas ficando \u00e0 frente pelo saldo de gols (sete a dois). Com tr\u00eas gols, Neymar \u00e9 o artilheiro da disputa, empatado com os atacantes Andr\u00e9 Carillo (Peru) e Lu\u00eds Suarez (Uruguai). Tamb\u00e9m balan\u00e7aram as redes pelo time brasileiro: Firmino (dois gols), Richarlison, Coutinho e Marquinhos (um gol cada).<\/p>\n\n\n\n<h2 class=\"wp-block-heading\">Sexto jogador cortado<\/h2>\n\n\n\n<p>O lateral Gabriel Menino \u00e9 a nova baixa na sele\u00e7\u00e3o. O jogador de 20 anos testou positivo para a covid-19 e foi desconvocado nesta quinta (12). Segundo o m\u00e9dico da CBF, Rodrigo Lasmar, os exames dos demais atletas deram negativo. &#8220;J\u00e1 informamos ao departamento m\u00e9dico do Palmeiras. O atleta est\u00e1 assintom\u00e1tico. Iremos realizar uma nova bateria de exames antes do jogo com o Uruguai&#8221;, declarou Lasmar.<\/p>\n\n\n\n<p>Trata-se do sexto jogador cortado na lista inicial de Tite. Al\u00e9m de Menino e Casemiro, o zagueiro \u00c9der Milit\u00e3o tamb\u00e9m foi desconvocado por causa do novo coronav\u00edrus. J\u00e1 Coutinho, o zagueiro Rodrigo Caio e o volante Fabinho deixaram a sele\u00e7\u00e3o por conta de les\u00e3o. Os zagueiros Felipe e Diego Carlos, os volantes Allan e Bruno Guimar\u00e3es e o meia Lucas Paquet\u00e1 foram chamados para suprir as aus\u00eancias. O atacante Pedro foi convocado devido \u00e0 contus\u00e3o de Neymar. O treinador ainda n\u00e3o confirmou se um novo lateral substituir\u00e1 o atleta do Palmeiras na delega\u00e7\u00e3o.<\/p>\n\n\n\n<p>Por Lincoln Chaves &#8211; Rep\u00f3rter da TV Brasil e R\u00e1dio Nacional &#8211; S\u00e3o Paulo<\/p>\n\n\n\n<p>Edi\u00e7\u00e3o: Cl\u00e1udia Soares Rodrigues<\/p>\n","protected":false},"excerpt":{"rendered":"<p>Gabriel Menino, com covid-19, est\u00e1 fora dos 2 \u00faltimos jogos deste ano A sele\u00e7\u00e3o brasileira<\/p>\n","protected":false},"author":2,"featured_media":5485,"comment_status":"open","ping_status":"open","sticky":false,"template":"","format":"standard","meta":{"footnotes":""},"categories":[20],"tags":[],"class_list":["post-5483","post","type-post","status-publish","format-standard","has-post-thumbnail","hentry","category-esporte"],"_links":{"self":[{"href":"https:\/\/tvc16.com\/portal\/wp-json\/wp\/v2\/posts\/5483","targetHints":{"allow":["GET"]}}],"collection":[{"href":"https:\/\/tvc16.com\/portal\/wp-json\/wp\/v2\/posts"}],"about":[{"href":"https:\/\/tvc16.com\/portal\/wp-json\/wp\/v2\/types\/post"}],"author":[{"embeddable":true,"href":"https:\/\/tvc16.com\/portal\/wp-json\/wp\/v2\/users\/2"}],"replies":[{"embeddable":true,"href":"https:\/\/tvc16.com\/portal\/wp-json\/wp\/v2\/comments?post=5483"}],"version-history":[{"count":1,"href":"https:\/\/tvc16.com\/portal\/wp-json\/wp\/v2\/posts\/5483\/revisions"}],"predecessor-version":[{"id":5486,"href":"https:\/\/tvc16.com\/portal\/wp-json\/wp\/v2\/posts\/5483\/revisions\/5486"}],"wp:featuredmedia":[{"embeddable":true,"href":"https:\/\/tvc16.com\/portal\/wp-json\/wp\/v2\/media\/5485"}],"wp:attachment":[{"href":"https:\/\/tvc16.com\/portal\/wp-json\/wp\/v2\/media?parent=5483"}],"wp:term":[{"taxonomy":"category","embeddable":true,"href":"https:\/\/tvc16.com\/portal\/wp-json\/wp\/v2\/categories?post=5483"},{"taxonomy":"post_tag","embeddable":true,"href":"https:\/\/tvc16.com\/portal\/wp-json\/wp\/v2\/tags?post=5483"}],"curies":[{"name":"wp","href":"https:\/\/api.w.org\/{rel}","templated":true}]}}