{"id":5487,"date":"2020-11-12T17:33:21","date_gmt":"2020-11-12T20:33:21","guid":{"rendered":"https:\/\/tvc16.com\/portal\/?p=5487"},"modified":"2020-11-12T17:33:24","modified_gmt":"2020-11-12T20:33:24","slug":"presidente-interino-do-peru-pede-calma-em-meio-a-escalada-de-protestos","status":"publish","type":"post","link":"https:\/\/tvc16.com\/portal\/2020\/11\/12\/presidente-interino-do-peru-pede-calma-em-meio-a-escalada-de-protestos\/","title":{"rendered":"Presidente interino do Peru pede calma em meio a escalada de protestos"},"content":{"rendered":"\n<h3 class=\"wp-block-heading\">Protestos aumentam desde a destitui\u00e7\u00e3o de Vizcarra da Presid\u00eancia<\/h3>\n\n\n\n<p>O presidente interino do Peru, Manuel Merino, pediu calma nesta&nbsp;quinta-feira (12) em meio a uma escalada de protestos vista em todo o pa\u00eds desde a destitui\u00e7\u00e3o abrupta de Mart\u00edn Vizcarra da Presid\u00eancia.<img decoding=\"async\" src=\"https:\/\/agenciabrasil.ebc.com.br\/ebc.png?id=1393065&amp;o=node\"><img decoding=\"async\" src=\"https:\/\/agenciabrasil.ebc.com.br\/ebc.gif?id=1393065&amp;o=node\"><\/p>\n\n\n\n<p>Merino, que estava se preparando para empossar um novo gabinete nas pr\u00f3ximas horas, acusou &#8220;candidatos presidenciais&#8221; das pr\u00f3ximas elei\u00e7\u00f5es de incitarem protestos que irromperam em Lima e em outras cidades e exortou os peruanos a preservarem a paz.<\/p>\n\n\n\n<p>&#8220;Entendemos a situa\u00e7\u00e3o dif\u00edcil que o pa\u00eds est\u00e1 atravessando, e acredito que nas pr\u00f3ximas horas conseguiremos dar paz de esp\u00edrito a todos os peruanos&#8221;, disse Merino em entrevista a uma r\u00e1dio.<\/p>\n\n\n\n<p>Merino tomou posse na&nbsp;ter\u00e7a-feira depois que o Congresso votou pelo impeachment de Vizcarra devido a alega\u00e7\u00f5es de suborno. O abalo pol\u00edtico chega no momento em que o Peru, j\u00e1 afetado pela pandemia de coronav\u00edrus, ruma para sua pior retra\u00e7\u00e3o econ\u00f4mica em um s\u00e9culo.<\/p>\n\n\n\n<p>Multid\u00f5es de centenas de pessoas tem se reunido nas ruas durante dias para protestar contra a vota\u00e7\u00e3o do Congresso. Dezenas de manifestantes foram detidos depois de choques com a pol\u00edcia, que chegou a usar g\u00e1s lacrimog\u00eaneo. Planos de novas manifesta\u00e7\u00f5es nesta&nbsp;quinta-feira circulavam nas redes sociais.<\/p>\n\n\n\n<p>A organiza\u00e7\u00e3o de direitos humanos Anistia Internacional emitiu um comunicado acusando a Pol\u00edcia Nacional do Peru de usar for\u00e7a excessiva contra manifestantes e jornalistas.<\/p>\n\n\n\n<p>Na\u00a0quarta-feira, a Organiza\u00e7\u00e3o dos Estados Americanos (OEA) tamb\u00e9m expressou preocupa\u00e7\u00e3o com a &#8220;nova crise pol\u00edtica no Peru&#8221;, exortando o Tribunal Constitucional a se pronunciar.<\/p>\n\n\n\n<p>Por Marco Aquino &#8211; Rep\u00f3rter da Reuters &#8211; Lima<\/p>\n","protected":false},"excerpt":{"rendered":"<p>Protestos aumentam desde a destitui\u00e7\u00e3o de Vizcarra da Presid\u00eancia O presidente interino do Peru, Manuel<\/p>\n","protected":false},"author":2,"featured_media":5488,"comment_status":"open","ping_status":"open","sticky":false,"template":"","format":"standard","meta":{"footnotes":""},"categories":[22],"tags":[],"class_list":["post-5487","post","type-post","status-publish","format-standard","has-post-thumbnail","hentry","category-internacional"],"_links":{"self":[{"href":"https:\/\/tvc16.com\/portal\/wp-json\/wp\/v2\/posts\/5487","targetHints":{"allow":["GET"]}}],"collection":[{"href":"https:\/\/tvc16.com\/portal\/wp-json\/wp\/v2\/posts"}],"about":[{"href":"https:\/\/tvc16.com\/portal\/wp-json\/wp\/v2\/types\/post"}],"author":[{"embeddable":true,"href":"https:\/\/tvc16.com\/portal\/wp-json\/wp\/v2\/users\/2"}],"replies":[{"embeddable":true,"href":"https:\/\/tvc16.com\/portal\/wp-json\/wp\/v2\/comments?post=5487"}],"version-history":[{"count":1,"href":"https:\/\/tvc16.com\/portal\/wp-json\/wp\/v2\/posts\/5487\/revisions"}],"predecessor-version":[{"id":5489,"href":"https:\/\/tvc16.com\/portal\/wp-json\/wp\/v2\/posts\/5487\/revisions\/5489"}],"wp:featuredmedia":[{"embeddable":true,"href":"https:\/\/tvc16.com\/portal\/wp-json\/wp\/v2\/media\/5488"}],"wp:attachment":[{"href":"https:\/\/tvc16.com\/portal\/wp-json\/wp\/v2\/media?parent=5487"}],"wp:term":[{"taxonomy":"category","embeddable":true,"href":"https:\/\/tvc16.com\/portal\/wp-json\/wp\/v2\/categories?post=5487"},{"taxonomy":"post_tag","embeddable":true,"href":"https:\/\/tvc16.com\/portal\/wp-json\/wp\/v2\/tags?post=5487"}],"curies":[{"name":"wp","href":"https:\/\/api.w.org\/{rel}","templated":true}]}}