{"id":5490,"date":"2020-11-12T17:35:54","date_gmt":"2020-11-12T20:35:54","guid":{"rendered":"https:\/\/tvc16.com\/portal\/?p=5490"},"modified":"2020-11-12T17:35:58","modified_gmt":"2020-11-12T20:35:58","slug":"presidente-da-ucrania-e-hospitalizado-com-covid-19","status":"publish","type":"post","link":"https:\/\/tvc16.com\/portal\/2020\/11\/12\/presidente-da-ucrania-e-hospitalizado-com-covid-19\/","title":{"rendered":"Presidente da Ucr\u00e2nia \u00e9 hospitalizado com covid-19"},"content":{"rendered":"\n<h2 class=\"wp-block-heading\">Ucr\u00e2nia tem 500.865 casos e 9.145 mortes por coronav\u00edrus<\/h2>\n\n\n\n<h4 class=\"wp-block-heading\"> <\/h4>\n\n\n\n<figure class=\"wp-block-image\"><a href=\"https:\/\/br.reuters.com\/\" target=\"_blank\" rel=\"noreferrer noopener\"><img decoding=\"async\" src=\"https:\/\/agenciabrasil.ebc.com.br\/sites\/default\/files\/styles\/269x0\/public\/logo_parceiros\/logo_reuters.jpg?itok=1pP189Lc\" alt=\"Reuters\"\/><\/a><\/figure>\n\n\n\n<p>O presidente da Ucr\u00e2nia, Volodymyr Zelenskiy, foi hospitalizado depois de contrair o coronav\u00edrus esta semana, disse uma autoridade nesta quinta-feira (12), em Kiev.<img decoding=\"async\" src=\"https:\/\/agenciabrasil.ebc.com.br\/ebc.png?id=1393018&amp;o=node\"><img decoding=\"async\" src=\"https:\/\/agenciabrasil.ebc.com.br\/ebc.gif?id=1393018&amp;o=node\"><\/p>\n\n\n\n<p>&#8220;Primeiro, ele foi para casa, mas decidiu ir para o [hospital] Feofania para se isolar devidamente e n\u00e3o expor ningu\u00e9m&#8221;, disse a porta-voz da Presid\u00eancia \u00e0 ag\u00eancia de not\u00edcias Reuters.<\/p>\n\n\n\n<p>&#8220;[L\u00e1] h\u00e1 condi\u00e7\u00f5es melhores para os pacientes. Nada s\u00e9rio&#8221;, afirmou ela ao se referir \u00e0 sa\u00fade de Zelenskiy.<\/p>\n\n\n\n<p>Na segunda-feira, ele disse ter sido diagnosticado com o coronav\u00edrus. Tamb\u00e9m informou-se que tr\u00eas outras autoridades de alto escal\u00e3o &#8211; os ministro das Finan\u00e7as e o da Defesa e o principal assessor do presidente &#8211; foram infectadas.<\/p>\n\n\n\n<h2 class=\"wp-block-heading\">Pa\u00eds tem 9.145 mortes de coronav\u00edrus<\/h2>\n\n\n\n<p>O total di\u00e1rio de novas infec\u00e7\u00f5es de coronav\u00edrus da Ucr\u00e2nia come\u00e7ou a atingir picos no fim de setembro e se manteve continuamente alto em outubro e novembro, levando o governo a prorrogar algumas restri\u00e7\u00f5es at\u00e9 o final do ano.<\/p>\n\n\n\n<p>Na quarta-feira, o gabinete de Zelenskiy votou a favor da imposi\u00e7\u00e3o de um<em>&nbsp;lockdown<\/em>&nbsp;nacional nos fins de semana para fortalecer as limita\u00e7\u00f5es adotadas para conter a dissemina\u00e7\u00e3o r\u00e1pida do coronav\u00edrus.<\/p>\n\n\n\n<p>A Ucr\u00e2nia registrou 500.865 casos e 9.145 mortes por coronav\u00edrus at\u00e9 esta quinta-feira.<\/p>\n\n\n\n<p>Por Pavel Polityuk &#8211; da ag\u00eancia Reuters &#8211; Kiev (Ucr\u00e2nia)<\/p>\n","protected":false},"excerpt":{"rendered":"<p>Ucr\u00e2nia tem 500.865 casos e 9.145 mortes por coronav\u00edrus O presidente da Ucr\u00e2nia, Volodymyr Zelenskiy,<\/p>\n","protected":false},"author":2,"featured_media":5491,"comment_status":"open","ping_status":"open","sticky":false,"template":"","format":"standard","meta":{"footnotes":""},"categories":[22],"tags":[],"class_list":["post-5490","post","type-post","status-publish","format-standard","has-post-thumbnail","hentry","category-internacional"],"_links":{"self":[{"href":"https:\/\/tvc16.com\/portal\/wp-json\/wp\/v2\/posts\/5490","targetHints":{"allow":["GET"]}}],"collection":[{"href":"https:\/\/tvc16.com\/portal\/wp-json\/wp\/v2\/posts"}],"about":[{"href":"https:\/\/tvc16.com\/portal\/wp-json\/wp\/v2\/types\/post"}],"author":[{"embeddable":true,"href":"https:\/\/tvc16.com\/portal\/wp-json\/wp\/v2\/users\/2"}],"replies":[{"embeddable":true,"href":"https:\/\/tvc16.com\/portal\/wp-json\/wp\/v2\/comments?post=5490"}],"version-history":[{"count":1,"href":"https:\/\/tvc16.com\/portal\/wp-json\/wp\/v2\/posts\/5490\/revisions"}],"predecessor-version":[{"id":5492,"href":"https:\/\/tvc16.com\/portal\/wp-json\/wp\/v2\/posts\/5490\/revisions\/5492"}],"wp:featuredmedia":[{"embeddable":true,"href":"https:\/\/tvc16.com\/portal\/wp-json\/wp\/v2\/media\/5491"}],"wp:attachment":[{"href":"https:\/\/tvc16.com\/portal\/wp-json\/wp\/v2\/media?parent=5490"}],"wp:term":[{"taxonomy":"category","embeddable":true,"href":"https:\/\/tvc16.com\/portal\/wp-json\/wp\/v2\/categories?post=5490"},{"taxonomy":"post_tag","embeddable":true,"href":"https:\/\/tvc16.com\/portal\/wp-json\/wp\/v2\/tags?post=5490"}],"curies":[{"name":"wp","href":"https:\/\/api.w.org\/{rel}","templated":true}]}}