{"id":5493,"date":"2020-11-12T17:38:17","date_gmt":"2020-11-12T20:38:17","guid":{"rendered":"https:\/\/tvc16.com\/portal\/?p=5493"},"modified":"2020-11-12T17:38:28","modified_gmt":"2020-11-12T20:38:28","slug":"biden-escolhe-conselheiro-ron-klain-como-chefe-de-gabinete","status":"publish","type":"post","link":"https:\/\/tvc16.com\/portal\/2020\/11\/12\/biden-escolhe-conselheiro-ron-klain-como-chefe-de-gabinete\/","title":{"rendered":"Biden escolhe conselheiro Ron Klain como chefe de gabinete"},"content":{"rendered":"\n<h3 class=\"wp-block-heading\">Klain \u00e9 um dos confidentes mais pr\u00f3ximos do presidente eleito dos EUA<\/h3>\n\n\n\n<h4 class=\"wp-block-heading\">Por Ted Hesson e Lisa Lambert em Washington &#8211; Reuters &#8211; &#8211;<\/h4>\n\n\n\n<figure class=\"wp-block-image\"><a href=\"https:\/\/br.reuters.com\/\" target=\"_blank\" rel=\"noreferrer noopener\"><img decoding=\"async\" src=\"https:\/\/agenciabrasil.ebc.com.br\/sites\/default\/files\/styles\/269x0\/public\/logo_parceiros\/logo_reuters.jpg?itok=1pP189Lc\" alt=\"Reuters\"\/><\/a><\/figure>\n\n\n\n<p>O presidente eleito dos Estados Unidos, Joe Biden, escolheu a autoridade s\u00eanior democrata Ron Klain como seu chefe de gabinete e assistente na quarta-feira (11).<img decoding=\"async\" src=\"https:\/\/agenciabrasil.ebc.com.br\/ebc.png?id=1393011&amp;o=node\"><img decoding=\"async\" src=\"https:\/\/agenciabrasil.ebc.com.br\/ebc.gif?id=1393011&amp;o=node\"><\/p>\n\n\n\n<p>Klain \u00e9 um dos confidentes mais pr\u00f3ximos de Biden e trabalhou pela primeira vez para o democrata em 1989, quando este era senador dos EUA. Klain era o encarregado da resposta norte-americana \u00e0 crise de sa\u00fade do ebola em 2014, durante o governo Barack Obama, quando Biden era vice-presidente.<\/p>\n\n\n\n<p>Um cr\u00edtico feroz da maneira como o atual presidente republicano Donald Trump lidou com a nova pandemia de coronav\u00edrus, Klain deve ser uma figura-chave na resposta de Biden \u00e0 crise de sa\u00fade.<\/p>\n\n\n\n<p>&#8220;Ron foi inestim\u00e1vel para mim ao longo dos muitos anos em que trabalhamos juntos, inclusive ao resgatar a economia americana de uma das piores recess\u00f5es da nossa hist\u00f3ria em 2009 e, posteriormente, superar uma emerg\u00eancia assustadora de sa\u00fade p\u00fablica em 2014&#8221;, afirmou Biden em um comunicado.<\/p>\n\n\n\n<p>Klain disse em um comunicado: &#8220;\u00c9 a honra de uma vida servir ao presidente eleito Biden nesta fun\u00e7\u00e3o e sinto-me humilde diante de sua confian\u00e7a. Estou ansioso para ajud\u00e1-lo e a vice-presidente eleita a montar uma equipe talentosa e diversificada para trabalhar na Casa Branca.&#8221;<\/p>\n\n\n\n<p>Klain era o vice-chefe de gabinete de Biden e, mais recentemente, um conselheiro s\u00eanior para a campanha presidencial do democrata.<\/p>\n","protected":false},"excerpt":{"rendered":"<p>Klain \u00e9 um dos confidentes mais pr\u00f3ximos do presidente eleito dos EUA Por Ted Hesson<\/p>\n","protected":false},"author":2,"featured_media":5494,"comment_status":"open","ping_status":"open","sticky":false,"template":"","format":"standard","meta":{"footnotes":""},"categories":[22],"tags":[],"class_list":["post-5493","post","type-post","status-publish","format-standard","has-post-thumbnail","hentry","category-internacional"],"_links":{"self":[{"href":"https:\/\/tvc16.com\/portal\/wp-json\/wp\/v2\/posts\/5493","targetHints":{"allow":["GET"]}}],"collection":[{"href":"https:\/\/tvc16.com\/portal\/wp-json\/wp\/v2\/posts"}],"about":[{"href":"https:\/\/tvc16.com\/portal\/wp-json\/wp\/v2\/types\/post"}],"author":[{"embeddable":true,"href":"https:\/\/tvc16.com\/portal\/wp-json\/wp\/v2\/users\/2"}],"replies":[{"embeddable":true,"href":"https:\/\/tvc16.com\/portal\/wp-json\/wp\/v2\/comments?post=5493"}],"version-history":[{"count":1,"href":"https:\/\/tvc16.com\/portal\/wp-json\/wp\/v2\/posts\/5493\/revisions"}],"predecessor-version":[{"id":5495,"href":"https:\/\/tvc16.com\/portal\/wp-json\/wp\/v2\/posts\/5493\/revisions\/5495"}],"wp:featuredmedia":[{"embeddable":true,"href":"https:\/\/tvc16.com\/portal\/wp-json\/wp\/v2\/media\/5494"}],"wp:attachment":[{"href":"https:\/\/tvc16.com\/portal\/wp-json\/wp\/v2\/media?parent=5493"}],"wp:term":[{"taxonomy":"category","embeddable":true,"href":"https:\/\/tvc16.com\/portal\/wp-json\/wp\/v2\/categories?post=5493"},{"taxonomy":"post_tag","embeddable":true,"href":"https:\/\/tvc16.com\/portal\/wp-json\/wp\/v2\/tags?post=5493"}],"curies":[{"name":"wp","href":"https:\/\/api.w.org\/{rel}","templated":true}]}}