{"id":5496,"date":"2020-11-12T17:39:53","date_gmt":"2020-11-12T20:39:53","guid":{"rendered":"https:\/\/tvc16.com\/portal\/?p=5496"},"modified":"2020-11-12T17:39:55","modified_gmt":"2020-11-12T20:39:55","slug":"micro-e-pequenos-negocios-apostam-em-parcerias-e-apoio-para-retomada-economica","status":"publish","type":"post","link":"https:\/\/tvc16.com\/portal\/2020\/11\/12\/micro-e-pequenos-negocios-apostam-em-parcerias-e-apoio-para-retomada-economica\/","title":{"rendered":"Micro e pequenos neg\u00f3cios apostam em parcerias e apoio para retomada econ\u00f4mica"},"content":{"rendered":"\n<p>Entre o fim de setembro e in\u00edcio de outubro, uma pesquisa revelou que 83% desses empreendimentos j\u00e1 estavam reabrindo os neg\u00f3cios; Sebrae e governo federal j\u00e1 firmaram 41 parcerias para manter MEIs, micro e pequenos neg\u00f3cios na ativa<\/p>\n\n\n\n<p>O caminho at\u00e9 a recupera\u00e7\u00e3o total da economia ainda \u00e9 longo. Mas desde o in\u00edcio da pandemia, decretado em mar\u00e7o deste ano, empreendedores de micro e pequenas empresas come\u00e7am a mostrar mais otimismo nessa reta final de 2020, principalmente pela reabertura dos estabelecimentos. Em uma pesquisa realizada no final de setembro pelo Servi\u00e7o Brasileiro de Apoio \u00e0s Micro e Pequenas Empresas (Sebrae), em parceria com a Funda\u00e7\u00e3o Get\u00falio Vargas (FGV), 83% dos entrevistados apontaram que os pequenos neg\u00f3cios j\u00e1 estavam de portas abertas \u2013 em junho, um levantamento apontava que esse n\u00famero chegava a 76%.&nbsp;<\/p>\n\n\n\n<p>Ainda segundo os dados, a queda no faturamento passou de 70% em abril para 36% no final de setembro. Segundo especialistas, a situa\u00e7\u00e3o ainda n\u00e3o \u00e9 a ideal, mas j\u00e1 tem mostrado melhoras. A 8\u00aa Pesquisa de Impacto do Coronav\u00edrus trouxe tamb\u00e9m que 10% das mais de seis mil micro e pequenas empresas e microempreendedores individuais (MEIs) ouvidos em todo o Brasil est\u00e3o faturando mais do que antes da pandemia. Cerca de 39% das empresas lan\u00e7aram novos produtos e servi\u00e7os por causa da crise e 43% ainda relatam dificuldades em meio \u00e0 doen\u00e7a. Mas o sentimento \u00e9 de que o pior j\u00e1 passou.&nbsp;<\/p>\n\n\n\n<p>\u201cAs pesquisas do Sebrae me levam a ficar otimista com a retomada. Quando voc\u00ea come\u00e7a a retomar contrata\u00e7\u00e3o, quando voc\u00ea busca mais cr\u00e9dito h\u00e1 uma expectativa de crescimento. Al\u00e9m disso, o estoque de d\u00edvida diminuindo tamb\u00e9m deu um \u2018chacoalh\u00e3o\u2019 que vai mudar muito a vida do empres\u00e1rio da micro e pequenas empresas\u201d, acredita o presidente do Sebrae, Carlos Melles.&nbsp;<\/p>\n\n\n\n<p>O momento atual, segundo ele, \u00e9 de reflex\u00e3o. \u201cA partir de agora, os empres\u00e1rios devem ter mais aten\u00e7\u00e3o e zelo com o cliente. Os protocolos est\u00e3o levando para esse lado, de fidelizar o cliente. Ter cuidado com higieniza\u00e7\u00e3o dos produtos, com a vida dos funcion\u00e1rios, tudo isso pode ser uma resposta na sa\u00edda da pandemia.\u201d<\/p>\n\n\n\n<p>Melles revela que o Sebrae apostou em a\u00e7\u00f5es conjuntas durante a doen\u00e7a. \u201cO melhor ativo que tivemos foi a capacidade de nos adaptarmos ao digital, esse talvez tenha sido uma das mudan\u00e7as mais importantes para as micro e pequenas empresas no Brasil. Aliado a isso, fizemos parcerias com grandes plataformas. Outro diferencial foi fazermos uma campanha maci\u00e7a incentivando as pessoas a comprarem dos pequenos, no bairro, de quem est\u00e1 perto de voc\u00ea. E o Brasil teve uma grande felicidade de n\u00e3o ter nenhuma crise de abastecimento. Quantidade, qualidade, bons pre\u00e7os, isso deu tranquilidade e paz\u201d, avalia. &nbsp;<\/p>\n\n\n\n<figure class=\"wp-block-image\"><img decoding=\"async\" src=\"\/\/s3-sa-east-1.amazonaws.com\/agencia-radio-arb\/3121\/content_WhatsApp_Image_2020-11-09_at_16.30.32_%281%29.jpeg\" alt=\"\" title=\"Cria\u00e7\u00e3o: \u00c9rica Passos\"\/><\/figure>\n\n\n\n<h2 class=\"wp-block-heading\">Dificuldades<\/h2>\n\n\n\n<p>Mas nem sempre esse caminho \u00e9 f\u00e1cil. Ana Perroni tem uma lojinha na Chapada dos Veadeiros (GO), onde vende roupas, acess\u00f3rios e produtos naturais. O empreendimento de Ana j\u00e1 funciona h\u00e1 alguns anos, mas ela ainda sente falta de um olhar mais voltado para empreendedores de micro e pequenas empresas, assim como ela. &nbsp;<\/p>\n\n\n\n<p>\u201cSempre se d\u00e1 mais aten\u00e7\u00e3o aos grandes empreendedores, \u00e0s grandes empresas, e os micro ficam \u00e0 deriva\u201d, lamenta Ana Perroni. Na opini\u00e3o dela, a ideia de incluir pautas voltadas para o empreendedorismo nas elei\u00e7\u00f5es deste ano e nas demais daqui para frente parece promissora. Segundo a empres\u00e1ria, ter candidatos e futuros gestores que olhem por esse p\u00fablico pode fazer toda a diferen\u00e7a.&nbsp;<br>&nbsp;<br>\u201cAcredito que eles devam incluir essas pautas, sim. Nessa pandemia, muita gente fechou as portas e as grandes empresas tiveram mais aux\u00edlio, at\u00e9 com perd\u00e3o de d\u00edvidas. Muitos de n\u00f3s nadam contra a mar\u00e9 para conseguir sobreviver.\u201d&nbsp;<\/p>\n\n\n\n<p>Em setembro, o Sebrae lan\u00e7ou, com ajuda de parceiros, um guia para incentivar a inclus\u00e3o dessas pautas nas campanhas eleitorais e nos mandatos. A ideia do documento \u201cSeja um candidato empreendedor \u2013 10 dicas do Sebrae\u201d \u00e9 inserir assuntos voltados para esse segmento, tendo como um dos objetivos fazer a economia local girar.&nbsp;<\/p>\n\n\n\n<p>Dentro das dicas, o Sebrae sugere algumas a\u00e7\u00f5es como gerar empregos; mobilizar lideran\u00e7as; desburocratizar e simplificar para MEIs, micro e pequenos neg\u00f3cios; comprar nos munic\u00edpios; incluir empreendedorismo nas escolas; qualificar quem mais precisa; fortalecer a identidade do munic\u00edpio e as voca\u00e7\u00f5es econ\u00f4micas locais; incentivar a coopera\u00e7\u00e3o, e promover inova\u00e7\u00e3o e sustentabilidade.&nbsp;<\/p>\n\n\n\n<p>O documento \u00e9 uma iniciativa do Sebrae com apoio da Frente Parlamentar Mista da Micro e Pequena Empresa, da Frente Nacional de Prefeitos (FNP), da Confedera\u00e7\u00e3o Nacional dos Munic\u00edpios (CNM), do Instituto Rui Barbosa, com a Associa\u00e7\u00e3o Nacional dos Membros do Minist\u00e9rio P\u00fablico, e da Associa\u00e7\u00e3o dos Membros dos Tribunais de Contas do Brasil.&nbsp;<\/p>\n\n\n\n<p><strong><a href=\"https:\/\/brasil61.com\/noticias\/guia-criado-pelo-sebrae-orienta-prefeitos-sobre-iniciativas-que-promovem-evolucao-das-pequenas-empresas-sebr200021\" target=\"_blank\" rel=\"noreferrer noopener\">Guia criado pelo Sebrae orienta prefeitos sobre iniciativas que promovem evolu\u00e7\u00e3o das pequenas empresas<\/a><\/strong><\/p>\n\n\n\n<p><strong><a href=\"https:\/\/brasil61.com\/noticias\/mpes-investem-em-consultorias-do-sebrae-para-superar-crise-e-retomar-atividades-de-forma-segura-sebr200020\" target=\"_blank\" rel=\"noreferrer noopener\">MPEs investem em consultorias do Sebrae para superar crise e retomar atividades de forma segura<\/a><\/strong><\/p>\n\n\n\n<h2 class=\"wp-block-heading\">Parcerias<\/h2>\n\n\n\n<p>Outras solu\u00e7\u00f5es voltadas para inser\u00e7\u00e3o de MEIs, micro e pequenas empresas est\u00e3o nas parcerias firmadas pelo Sebrae e renovadas nos \u00faltimos 2 anos na gest\u00e3o Carlos Melles. S\u00f3 com o governo federal, o Sebrae tem 41 firmadas, chegando a R$ 826 milh\u00f5es em investimentos. O Minist\u00e9rio da Economia foi a pasta que mais contou com o apoio da entidade, com 18 a\u00e7\u00f5es conjuntas em desenvolvimento e um total de R$ 510 milh\u00f5es aplicados. &nbsp;<\/p>\n\n\n\n<p>O Inovativa Brasil \u00e9 um desses investimentos. A a\u00e7\u00e3o \u00e9 o maior e mais abrangente programa de acelera\u00e7\u00e3o de startups do Brasil, oferecendo capacita\u00e7\u00e3o, mentoria, conex\u00e3o e visibilidade a empreendedores inovadores \u2013 tudo de gra\u00e7a. Desde 2013, ano de lan\u00e7amento do programa, mais de mil neg\u00f3cios foram atendidos pela iniciativa. Aqui, o aporte do governo federal chega a R$ 1,4 milh\u00e3o.&nbsp;<\/p>\n\n\n\n<p>Compras governamentais e a\u00e7\u00f5es como Portal do Empreendedor, Rede Nacional para a Simplifica\u00e7\u00e3o do Registro e da Legaliza\u00e7\u00e3o de Empresas e Neg\u00f3cios (Redesim) e o e-Social s\u00e3o as que mais movimentam a parceria. Juntas, as iniciativas chegam a representar mais de R$ 22,8 milh\u00f5es em recursos para MEIs, micro e pequenos neg\u00f3cios.&nbsp;<\/p>\n\n\n\n<p>Em seguida, vem o Minist\u00e9rio da Agricultura, Pecu\u00e1ria e Abastecimento (Mapa), com sete parcerias e R$ 99 milh\u00f5es de aporte. Um dos programas de maior destaque \u00e9 o AgroNordeste, que tem como objetivo impulsionar o desenvolvimento econ\u00f4mico e social da regi\u00e3o por meio de assist\u00eancia t\u00e9cnica gerencial, capacita\u00e7\u00e3o empresarial para jovens no campo, transfer\u00eancia de tecnologia para produtores e participa\u00e7\u00e3o de produtores em feiras, eventos e rodadas de neg\u00f3cios. S\u00f3 essa a\u00e7\u00e3o envolve mais de R$ 88,8 milh\u00f5es do total.&nbsp;<\/p>\n\n\n\n<figure class=\"wp-block-image\"><img decoding=\"async\" src=\"\/\/s3-sa-east-1.amazonaws.com\/agencia-radio-arb\/3120\/content_parcerias-sebrae_%281%29.png\" alt=\"\" title=\"Cria\u00e7\u00e3o: \u00c9rica Passos\"\/><\/figure>\n\n\n\n<p>\u201cO AgroNordeste visa uma orquestra\u00e7\u00e3o de esfor\u00e7os de diversos agentes que promovem o desenvolvimento rural e sustent\u00e1vel no Nordeste brasileiro, mais o norte do Esp\u00edrito Santo e de Minas Gerais, no sentido de levar aos produtores rurais uma melhor condi\u00e7\u00e3o de performance da propriedade rural, melhorando qualidade de vida, aumentando a renda, implementando um processo de produ\u00e7\u00e3o mais limpo e sustent\u00e1vel para a regi\u00e3o\u201d, explica o secret\u00e1rio-adjunto da Secretaria de Inova\u00e7\u00e3o, Desenvolvimento Rural e Irriga\u00e7\u00e3o do Mapa e diretor-geral do AgroNordeste, Pedro Correa.&nbsp;<\/p>\n\n\n\n<p>Os minist\u00e9rios do Turismo; da Ci\u00eancia, Tecnologia e Inova\u00e7\u00e3o; da Mulher, da Fam\u00edlia e dos Direitos Humanos; do Desenvolvimento Regional; de Minas e Energia, do Meio Ambiente e a Secretaria Geral da Presid\u00eancia da Rep\u00fablica completam a lista de parceiros do Sebrae. &nbsp;<\/p>\n\n\n\n<p>Fonte: <a href=\"https:\/\/brasil61.com\/noticias\/micro-e-pequenos-negocios-apostam-em-parcerias-e-apoio-para-retomada-economica-sebr200024?email=bethdeoliveira@yahoo.com.br&amp;utm_source=email_individual&amp;utm_medium=email_individual&amp;utm_campaign=email_individual\" target=\"_blank\" rel=\"noreferrer noopener\">Brasil 61<\/a><\/p>\n","protected":false},"excerpt":{"rendered":"<p>Entre o fim de setembro e in\u00edcio de outubro, uma pesquisa revelou que 83% desses<\/p>\n","protected":false},"author":2,"featured_media":5497,"comment_status":"open","ping_status":"open","sticky":false,"template":"","format":"standard","meta":{"footnotes":""},"categories":[18],"tags":[],"class_list":["post-5496","post","type-post","status-publish","format-standard","has-post-thumbnail","hentry","category-economia"],"_links":{"self":[{"href":"https:\/\/tvc16.com\/portal\/wp-json\/wp\/v2\/posts\/5496","targetHints":{"allow":["GET"]}}],"collection":[{"href":"https:\/\/tvc16.com\/portal\/wp-json\/wp\/v2\/posts"}],"about":[{"href":"https:\/\/tvc16.com\/portal\/wp-json\/wp\/v2\/types\/post"}],"author":[{"embeddable":true,"href":"https:\/\/tvc16.com\/portal\/wp-json\/wp\/v2\/users\/2"}],"replies":[{"embeddable":true,"href":"https:\/\/tvc16.com\/portal\/wp-json\/wp\/v2\/comments?post=5496"}],"version-history":[{"count":1,"href":"https:\/\/tvc16.com\/portal\/wp-json\/wp\/v2\/posts\/5496\/revisions"}],"predecessor-version":[{"id":5498,"href":"https:\/\/tvc16.com\/portal\/wp-json\/wp\/v2\/posts\/5496\/revisions\/5498"}],"wp:featuredmedia":[{"embeddable":true,"href":"https:\/\/tvc16.com\/portal\/wp-json\/wp\/v2\/media\/5497"}],"wp:attachment":[{"href":"https:\/\/tvc16.com\/portal\/wp-json\/wp\/v2\/media?parent=5496"}],"wp:term":[{"taxonomy":"category","embeddable":true,"href":"https:\/\/tvc16.com\/portal\/wp-json\/wp\/v2\/categories?post=5496"},{"taxonomy":"post_tag","embeddable":true,"href":"https:\/\/tvc16.com\/portal\/wp-json\/wp\/v2\/tags?post=5496"}],"curies":[{"name":"wp","href":"https:\/\/api.w.org\/{rel}","templated":true}]}}