{"id":54977,"date":"2023-03-09T14:56:26","date_gmt":"2023-03-09T17:56:26","guid":{"rendered":"https:\/\/tvc16.com\/portal\/?p=54977"},"modified":"2023-03-09T14:56:27","modified_gmt":"2023-03-09T17:56:27","slug":"petropolis-e-apresentada-na-itb-berlim-ambicionando-superar","status":"publish","type":"post","link":"https:\/\/tvc16.com\/portal\/2023\/03\/09\/petropolis-e-apresentada-na-itb-berlim-ambicionando-superar\/","title":{"rendered":"<strong>Petr\u00f3polis \u00e9 apresentada na ITB Berlim ambicionando superar<\/strong>"},"content":{"rendered":"\n<p><a rel=\"noreferrer noopener\" href=\"https:\/\/voenews.com.br\/2023\/03\/08\/secretaria-de-estado-de-turismo-leva-o-rio-de-janeiro-para-uma-das-maiores-feiras-do-segmento-na-alemanha\/#respond\" target=\"_blank\"><\/a>Petr\u00f3polis est\u00e1 sendo apresentada na ITB Berlim, na Alemanha, uma das principais feiras de turismo do mundo, aberta na ter\u00e7a-feira (07),\u00a0na Messe Berlin, um dos maiores centros de conven\u00e7\u00f5es do mundo\u00a0reunindo\u00a010 mil expositores de 180 pa\u00edses, al\u00e9m de mil compradores e 160 mil visitantes.\u00a0\u00a0A apresenta\u00e7\u00e3o das cidades fluminenses com potencial tur\u00edstico faz parte da estrat\u00e9gia de promo\u00e7\u00e3o do estado nos mercados internacionais, a\u00e7\u00e3o que re\u00fane o governo e entidades representativas do setor.\u00a0\u00a0Petr\u00f3polis recebe cerca de 120 mil turistas estrangeiros por ano e a meta \u00e9 ampliar esse n\u00famero.<\/p>\n\n\n\n<p>\u201cPela magnitude do evento \u00e9 importante a presen\u00e7a do Estado do Rio como um dos destinos do pa\u00eds mais reconhecidos no mundo e a visibilidade de Petr\u00f3polis, de categoria A do Minist\u00e9rio do Turismo e potencial anfitri\u00e3 de estrangeiros pela sua rica hist\u00f3rica, cultura e natureza\u201d, avalia o presidente do Petr\u00f3polis Convention &amp; Visitors Bureau, Fabiano Barros.<\/p>\n\n\n\n<p>Guilherme Abreu, presidente da Federa\u00e7\u00e3o de Conventios &amp; Visitors Bureaux do Estado do Rio de Janeiro (FC&amp;VB-RJ) e a gestora de Marketing e Novos Neg\u00f3cios da entidade, Tatiana D\u2019Angello, participam do evento que ser\u00e1 encerrado nesta quinta-feira. A Federa\u00e7\u00e3o representa todos os Conventions de munic\u00edpios fluminenses no evento.&nbsp;&nbsp;O foco \u00e9 a divulga\u00e7\u00e3o do Estado no mercado internacional.<\/p>\n\n\n\n<p>\u201cConversamos com muitos operadores neste evento que re\u00fane as maiores empresas do mundo no setor e agentes de turismo. Tamb\u00e9m estamos com uma parceria com a embaixada alem\u00e3 no Brasil e no Rio para abastecer os correspondentes baseados em nosso pa\u00eds com informa\u00e7\u00f5es sobre as cidades tur\u00edsticas como Petr\u00f3polis, que est\u00e1 a menos de uma hora do Rio.&nbsp;&nbsp;Tamb\u00e9m fizemos reuni\u00f5es com representantes da imprensa internacional, em conjunto com a Embratur, com esse objetivo\u201d, antecipa Guilherme Abreu.<\/p>\n\n\n\n<p>A&nbsp;ITB Berlin (Internationale Tourismus-B\u00f6rse Berlin), al\u00e9m de apresenta\u00e7\u00e3o dos destinos fluminenses no exterior, alinhava a melhoria da conectividade internacional por meio das empresas a\u00e9reas. A Condor \u00e9 uma das contactadas e j\u00e1 assinou uma carta de inten\u00e7\u00f5es para retomar voos diretos da Alemanha para o Brasil at\u00e9 2024.<\/p>\n\n\n\n<p>A meta, atraindo o turista internacional, \u00e9 aumentar ainda mais o bom momento do setor um dos respons\u00e1veis da alta do PIB em 2022 (2,9%), um crescimento de alojamento e alimenta\u00e7\u00e3o em mais de 24% ao longo do ano de acordo com o IBGE.<\/p>\n\n\n\n<p>\u201cDepois de dois anos de restri\u00e7\u00f5es impostas pela pandemia o objetivo \u00e9 superar os \u00edndices anteriores a 2019 e recuperar este tempo que foi comprometido no setor. O turismo para Petr\u00f3polis tem se mostrado como um alavanca para demais atividades e quanto mais proje\u00e7\u00e3o tivermos, melhor\u201d, analisa o presidente do Petr\u00f3polis Convention, Fabiano Barros.<\/p>\n\n\n\n<p>A Federa\u00e7\u00e3o, representando os bureaux tur\u00edsticos fluminenses, tamb\u00e9m marcou presen\u00e7a em outro evento importante em escala mundial realizado na semana passada, a Bolsa de Turismo de Lisboa (BTL \u2013 23). Com mais de 1.400 expositores e 45 mil visitantes, o evento teve rodadas de neg\u00f3cios entre investidores e destinos tur\u00edsticos e divulga\u00e7\u00e3o dos destinos do estado.<\/p>\n\n\n\n<p><strong>Experi\u00eancia imersiva nas atra\u00e7\u00f5es fluminenses<\/strong><\/p>\n\n\n\n<p>Nesta edi\u00e7\u00e3o, participam do estande do Rio de Janeiro representantes de munic\u00edpios fluminenses, empresas operadoras, representantes de institui\u00e7\u00f5es ligadas ao trade tur\u00edstico, al\u00e9m da Secretaria Municipal de Turismo do Rio de Janeiro e a Riotur.&nbsp;O estande do Estado na feria conta com 60 metros quadrados e apresenta uma experi\u00eancia imersiva com imagens das 92 cidades do estado. Tamb\u00e9m foi disponibilizado um espa\u00e7o instagram\u00e1vel e balc\u00f5es de atendimento para as informa\u00e7\u00f5es tur\u00edsticas. No local, um QR code foi fixado para que os visitantes possam acessar o site oficial da pasta, com informa\u00e7\u00f5es tur\u00edsticas das regi\u00f5es do Estado.<\/p>\n","protected":false},"excerpt":{"rendered":"<p>Petr\u00f3polis est\u00e1 sendo apresentada na ITB Berlim, na Alemanha, uma das principais feiras de turismo<\/p>\n","protected":false},"author":2,"featured_media":54978,"comment_status":"open","ping_status":"open","sticky":false,"template":"","format":"standard","meta":{"footnotes":""},"categories":[12],"tags":[],"class_list":["post-54977","post","type-post","status-publish","format-standard","has-post-thumbnail","hentry","category-cidade"],"_links":{"self":[{"href":"https:\/\/tvc16.com\/portal\/wp-json\/wp\/v2\/posts\/54977","targetHints":{"allow":["GET"]}}],"collection":[{"href":"https:\/\/tvc16.com\/portal\/wp-json\/wp\/v2\/posts"}],"about":[{"href":"https:\/\/tvc16.com\/portal\/wp-json\/wp\/v2\/types\/post"}],"author":[{"embeddable":true,"href":"https:\/\/tvc16.com\/portal\/wp-json\/wp\/v2\/users\/2"}],"replies":[{"embeddable":true,"href":"https:\/\/tvc16.com\/portal\/wp-json\/wp\/v2\/comments?post=54977"}],"version-history":[{"count":1,"href":"https:\/\/tvc16.com\/portal\/wp-json\/wp\/v2\/posts\/54977\/revisions"}],"predecessor-version":[{"id":54979,"href":"https:\/\/tvc16.com\/portal\/wp-json\/wp\/v2\/posts\/54977\/revisions\/54979"}],"wp:featuredmedia":[{"embeddable":true,"href":"https:\/\/tvc16.com\/portal\/wp-json\/wp\/v2\/media\/54978"}],"wp:attachment":[{"href":"https:\/\/tvc16.com\/portal\/wp-json\/wp\/v2\/media?parent=54977"}],"wp:term":[{"taxonomy":"category","embeddable":true,"href":"https:\/\/tvc16.com\/portal\/wp-json\/wp\/v2\/categories?post=54977"},{"taxonomy":"post_tag","embeddable":true,"href":"https:\/\/tvc16.com\/portal\/wp-json\/wp\/v2\/tags?post=54977"}],"curies":[{"name":"wp","href":"https:\/\/api.w.org\/{rel}","templated":true}]}}