{"id":54980,"date":"2023-03-09T15:01:40","date_gmt":"2023-03-09T18:01:40","guid":{"rendered":"https:\/\/tvc16.com\/portal\/?p=54980"},"modified":"2023-03-09T15:01:41","modified_gmt":"2023-03-09T18:01:41","slug":"adote-um-amor-feira-de-adocao-de-caes-da-copbea-acontece-neste-sabado-11-03-na-praca-santa-teresa","status":"publish","type":"post","link":"https:\/\/tvc16.com\/portal\/2023\/03\/09\/adote-um-amor-feira-de-adocao-de-caes-da-copbea-acontece-neste-sabado-11-03-na-praca-santa-teresa\/","title":{"rendered":"Adote um Amor: feira de ado\u00e7\u00e3o de c\u00e3es da COPBEA acontece neste s\u00e1bado, 11\/03, na Pra\u00e7a Santa Teresa"},"content":{"rendered":"\n<p>A Coordenadoria de Prote\u00e7\u00e3o e Bem-estar Animal (COPBEA), vinculada \u00e0 Secretaria Municipal de Sa\u00fade da Prefeitura de Teres\u00f3polis, realiza neste s\u00e1bado, 11\/03, a Feira de Ado\u00e7\u00e3o \u2018Adote um Amor\u2019, das 9h \u00e0s 14h, na Pra\u00e7a Baltazar da Silveira (da Matriz de Santa Teresa), na V\u00e1rzea.<\/p>\n\n\n\n<p>Na ocasi\u00e3o, ser\u00e3o colocados para ado\u00e7\u00e3o respons\u00e1vel c\u00e3es adultos castrados e filhotes (com castra\u00e7\u00e3o futura garantida) que est\u00e3o sob a guarda da Prefeitura no Centro de Triagem Animal da Secretaria Municipal de Sa\u00fade\/ Setor de Controle de Zoonoses (COPBEA), no Fischer.<\/p>\n\n\n\n<p>\u201cQuem se interessar em adotar vai assinar um termo de responsabilidade e poder\u00e1 levar o cachorro na hora. Nossa inten\u00e7\u00e3o \u00e9 dar oportunidade para que esses animais sejam adotados e cuidados por tutores respons\u00e1veis, abrindo vaga para abrigar temporariamente outros c\u00e3es resgatados de situa\u00e7\u00e3o de abandono e de maus tratos\u201d, explica Jackson Muci, coordenador da&nbsp;COPBEA.<\/p>\n\n\n\n<p>O que \u00e9 necess\u00e1rio para formalizar a Ado\u00e7\u00e3o:<\/p>\n\n\n\n<p>\u2022 Ser maior de 18 anos;<\/p>\n\n\n\n<p>\u2022 Apresentar original e c\u00f3pia do RG e Comprovante de Resid\u00eancia;<\/p>\n\n\n\n<p>\u2022 Responder question\u00e1rio e passar por uma entrevista com a equipe da COPBEA;<\/p>\n\n\n\n<p>\u2022 Assinar termo de posse respons\u00e1vel;<\/p>\n\n\n\n<p>\u2022 Levar caixa de transporte, coleira e guia adequados ao perfil do animal adotado.<\/p>\n","protected":false},"excerpt":{"rendered":"<p>A Coordenadoria de Prote\u00e7\u00e3o e Bem-estar Animal (COPBEA), vinculada \u00e0 Secretaria Municipal de Sa\u00fade da<\/p>\n","protected":false},"author":2,"featured_media":54981,"comment_status":"open","ping_status":"open","sticky":false,"template":"","format":"standard","meta":{"footnotes":""},"categories":[17],"tags":[],"class_list":["post-54980","post","type-post","status-publish","format-standard","has-post-thumbnail","hentry","category-outras-noticias"],"_links":{"self":[{"href":"https:\/\/tvc16.com\/portal\/wp-json\/wp\/v2\/posts\/54980","targetHints":{"allow":["GET"]}}],"collection":[{"href":"https:\/\/tvc16.com\/portal\/wp-json\/wp\/v2\/posts"}],"about":[{"href":"https:\/\/tvc16.com\/portal\/wp-json\/wp\/v2\/types\/post"}],"author":[{"embeddable":true,"href":"https:\/\/tvc16.com\/portal\/wp-json\/wp\/v2\/users\/2"}],"replies":[{"embeddable":true,"href":"https:\/\/tvc16.com\/portal\/wp-json\/wp\/v2\/comments?post=54980"}],"version-history":[{"count":1,"href":"https:\/\/tvc16.com\/portal\/wp-json\/wp\/v2\/posts\/54980\/revisions"}],"predecessor-version":[{"id":54982,"href":"https:\/\/tvc16.com\/portal\/wp-json\/wp\/v2\/posts\/54980\/revisions\/54982"}],"wp:featuredmedia":[{"embeddable":true,"href":"https:\/\/tvc16.com\/portal\/wp-json\/wp\/v2\/media\/54981"}],"wp:attachment":[{"href":"https:\/\/tvc16.com\/portal\/wp-json\/wp\/v2\/media?parent=54980"}],"wp:term":[{"taxonomy":"category","embeddable":true,"href":"https:\/\/tvc16.com\/portal\/wp-json\/wp\/v2\/categories?post=54980"},{"taxonomy":"post_tag","embeddable":true,"href":"https:\/\/tvc16.com\/portal\/wp-json\/wp\/v2\/tags?post=54980"}],"curies":[{"name":"wp","href":"https:\/\/api.w.org\/{rel}","templated":true}]}}