{"id":54983,"date":"2023-03-09T15:04:19","date_gmt":"2023-03-09T18:04:19","guid":{"rendered":"https:\/\/tvc16.com\/portal\/?p=54983"},"modified":"2023-03-09T15:04:20","modified_gmt":"2023-03-09T18:04:20","slug":"rio-de-janeiro-sediara-a-maior-competicao-escolar-do-mundo-em-agosto","status":"publish","type":"post","link":"https:\/\/tvc16.com\/portal\/2023\/03\/09\/rio-de-janeiro-sediara-a-maior-competicao-escolar-do-mundo-em-agosto\/","title":{"rendered":"<strong>Rio de Janeiro sediar\u00e1 a maior competi\u00e7\u00e3o escolar do mundo, em agosto<\/strong>"},"content":{"rendered":"\n<p>O Rio de Janeiro vai sediar a Gymnasiade, a maior competi\u00e7\u00e3o escolar do mundo. O tema foi tratado durante reuni\u00e3o do governador Cl\u00e1udio Castro com representantes da Internacional School Sport Federation (ISF), da Confedera\u00e7\u00e3o Brasileira do Desporto Escolar (CBDE) e da Secretaria de Estado de Esporte e Lazer, no Pal\u00e1cio Guanabara, nesta quinta-feira (09\/03). Como parceiro do evento, o Governo do Estado far\u00e1 um aporte de R$ 5 milh\u00f5es para o evento, por meio da Lei Pel\u00e9.<\/p>\n\n\n\n<p>A novidade quebra um jejum de 10 anos sem a capital fluminense receber o evento. A Gymnasiade ser\u00e1 realizada entre os dias 18 e 27 de agosto e vai resgatar uma importante mem\u00f3ria esportiva no Rio: as provas ser\u00e3o realizadas nos equipamentos onde aconteceram os Jogos Ol\u00edmpicos de 2016. &nbsp;<\/p>\n\n\n\n<p>\u2013 Temos grande satisfa\u00e7\u00e3o em receber um evento que envolve v\u00e1rios pa\u00edses. \u00c9 mais uma demonstra\u00e7\u00e3o de que o Estado do Rio consolidou o resgate do seu potencial e credibilidade para sediar grandes eventos esportivos. No \u00faltimo ano, recebemos os Jogos Escolares Brasileiros (JEBs), que j\u00e1 foram um sucesso, al\u00e9m do Rio Open, no \u00faltimo m\u00eas. Temos uma voca\u00e7\u00e3o natural para o esporte e uma pluralidade de espa\u00e7os para pr\u00e1tica de diferentes modalidades. Estamos fortalecendo uma importante cadeia no estado, que, al\u00e9m de alavancar o segmento, movimenta o turismo e a nossa economia. Al\u00e9m disso, seguimos vocacionando nossas escolas para termos a aten\u00e7\u00e3o do aluno que precisamos. O esporte \u00e9 um desses caminhos \u2013 ressaltou o governador Cl\u00e1udio Castro.<\/p>\n\n\n\n<p>Ao todo, ser\u00e3o 22 modalidades disputadas, sendo tr\u00eas do paradesporto. Entre elas est\u00e3o o Atletismo, Atletismo Adaptado, Badminton, Basquete 3&#215;3, Boxe, Dan\u00e7a, Gin\u00e1stica Art\u00edstica, Gin\u00e1stica R\u00edtmica, Jud\u00f4, Jud\u00f4 Paral\u00edmpico, Esgrima, Karat\u00ea, Nata\u00e7\u00e3o, Paranata\u00e7\u00e3o, Taekwondo, Wrestling, Skate, Xadrez, Tiro com Arco e Orienta\u00e7\u00e3o. E mesmo a pouco mais de 160 dias da pr\u00f3xima edi\u00e7\u00e3o, a Gymnasiade no Rio j\u00e1 entrou para a hist\u00f3ria como a maior de todas pelo n\u00famero recorde de modalidades, que nesta edi\u00e7\u00e3o ainda vai contar com a estreia do Skate e Surf na disputa.<\/p>\n\n\n\n<p>A expectativa \u00e9 que o Rio receba 4 mil participantes, sendo 2.100 estudantes-atletas, com idade entre 13 e 15 anos de escolas p\u00fablicas ou particulares. O evento ter\u00e1 entrada gratuita.<\/p>\n\n\n\n<p>\u2013 \u00c9 um privil\u00e9gio para o Rio de Janeiro sediar mais uma vez um evento esportivo global. O governador, desde o in\u00edcio, nos determinou a trabalhar junto \u00e0 CBDE e \u00e0 ISF para garantir as melhores competi\u00e7\u00f5es escolares do mundo. Principalmente para os atletas-estudantes, que ter\u00e3o a oportunidade de receber a Gymnasiade no legado ol\u00edmpico do Rio. As 22 modalidades ser\u00e3o disputadas nas arenas ol\u00edmpicas e queremos fazer dessa oportunidade uma chance de inclus\u00e3o e troca cultural entre os estudantes do mundo todo que estar\u00e3o aqui \u2013 analisou o secret\u00e1rio de Esporte e Lazer, Rafael Picciani.<br><strong><br>Comitiva internacional em campo<\/strong><\/p>\n\n\n\n<p>Os ajustes para a realiza\u00e7\u00e3o do evento j\u00e1 est\u00e3o a todo vapor. Para que toda a organiza\u00e7\u00e3o operacional e t\u00e9cnica esportiva da competi\u00e7\u00e3o seja planejada e tra\u00e7ada, desde o come\u00e7o da semana, membros da ISF (executivos e presidentes t\u00e9cnicos esportivos das modalidades) est\u00e3o na cidade do Rio para a vistoria t\u00e9cnica, que envolve a integra\u00e7\u00e3o do comit\u00ea organizador da ISF e do Comit\u00ea Organizador Local da CBDE.<\/p>\n\n\n\n<p>\u2013 Estamos organizando as visitas preliminares para assegurar que todas as condi\u00e7\u00f5es est\u00e3o de acordo para receber a Gymnasiade 2023, em agosto, no Parque Ol\u00edmpico, e estamos muito satisfeitos com o espa\u00e7o porque todas as necessidades j\u00e1 estavam devidamente prontas quando chegamos. Podemos ter certeza de que todos os atletas do mundo ficar\u00e3o extremamente felizes em vivenciar mais uma vez o esp\u00edrito e os valores ol\u00edmpicos \u2013 disse o presidente da ISF, Laurent Petrynka.<\/p>\n\n\n\n<p>Para o presidente da CBDE, Ant\u00f4nio Hora Filho, o Rio de Janeiro se destaca internacionalmente como refer\u00eancia para o esporte.<\/p>\n\n\n\n<p>\u2013 Mais uma vez o Governo do Rio est\u00e1 demonstrando o seu compromisso com o esporte, com a educa\u00e7\u00e3o e com a cultura do nosso povo. Quando conversamos sobre realizar esse evento, diferentes pa\u00edses de imediato citaram o Rio de Janeiro. Todo mundo ama o Brasil e identifica o Rio como express\u00e3o m\u00e1xima do que temos de melhor em nosso pa\u00eds. Estamos no caminho certo para mostrar o que o Brasil tem de positivo \u2013 finalizou Ant\u00f4nio.<\/p>\n\n\n\n<p>A Gymnasiade \u00e9 uma realiza\u00e7\u00e3o da ISF, junto com a CBDE, com apoio do Governo do Estado do Rio de Janeiro, por meio de Secretaria de Estado de Esporte e Lazer; do SESC Rio; da Federa\u00e7\u00e3o de Esportes Estudantis do Rio de Janeiro (FEERJ); da Prefeitura do Rio; e do Governo Federal, atrav\u00e9s do Minist\u00e9rio do Esporte.<\/p>\n","protected":false},"excerpt":{"rendered":"<p>O Rio de Janeiro vai sediar a Gymnasiade, a maior competi\u00e7\u00e3o escolar do mundo. O<\/p>\n","protected":false},"author":2,"featured_media":54984,"comment_status":"open","ping_status":"open","sticky":false,"template":"","format":"standard","meta":{"footnotes":""},"categories":[17],"tags":[],"class_list":["post-54983","post","type-post","status-publish","format-standard","has-post-thumbnail","hentry","category-outras-noticias"],"_links":{"self":[{"href":"https:\/\/tvc16.com\/portal\/wp-json\/wp\/v2\/posts\/54983","targetHints":{"allow":["GET"]}}],"collection":[{"href":"https:\/\/tvc16.com\/portal\/wp-json\/wp\/v2\/posts"}],"about":[{"href":"https:\/\/tvc16.com\/portal\/wp-json\/wp\/v2\/types\/post"}],"author":[{"embeddable":true,"href":"https:\/\/tvc16.com\/portal\/wp-json\/wp\/v2\/users\/2"}],"replies":[{"embeddable":true,"href":"https:\/\/tvc16.com\/portal\/wp-json\/wp\/v2\/comments?post=54983"}],"version-history":[{"count":1,"href":"https:\/\/tvc16.com\/portal\/wp-json\/wp\/v2\/posts\/54983\/revisions"}],"predecessor-version":[{"id":54985,"href":"https:\/\/tvc16.com\/portal\/wp-json\/wp\/v2\/posts\/54983\/revisions\/54985"}],"wp:featuredmedia":[{"embeddable":true,"href":"https:\/\/tvc16.com\/portal\/wp-json\/wp\/v2\/media\/54984"}],"wp:attachment":[{"href":"https:\/\/tvc16.com\/portal\/wp-json\/wp\/v2\/media?parent=54983"}],"wp:term":[{"taxonomy":"category","embeddable":true,"href":"https:\/\/tvc16.com\/portal\/wp-json\/wp\/v2\/categories?post=54983"},{"taxonomy":"post_tag","embeddable":true,"href":"https:\/\/tvc16.com\/portal\/wp-json\/wp\/v2\/tags?post=54983"}],"curies":[{"name":"wp","href":"https:\/\/api.w.org\/{rel}","templated":true}]}}