{"id":54986,"date":"2023-03-09T15:59:56","date_gmt":"2023-03-09T18:59:56","guid":{"rendered":"https:\/\/tvc16.com\/portal\/?p=54986"},"modified":"2023-03-09T15:59:56","modified_gmt":"2023-03-09T18:59:56","slug":"cptrans-informa-devido-as-obras-do-estado-na-estrada-velha-da-estrela-prefeitura-inicia-sistema-de-baldeacao-na-curva-do-carvao","status":"publish","type":"post","link":"https:\/\/tvc16.com\/portal\/2023\/03\/09\/cptrans-informa-devido-as-obras-do-estado-na-estrada-velha-da-estrela-prefeitura-inicia-sistema-de-baldeacao-na-curva-do-carvao\/","title":{"rendered":"CPtrans informa: devido \u00e0s obras do Estado na Estrada Velha da Estrela, Prefeitura inicia sistema de baldea\u00e7\u00e3o na \u2018Curva do Carv\u00e3o\u2019\u201d"},"content":{"rendered":"\n<p>Em virtude das obras do DER na Estrada Velha da Estrela, entre esta quinta-feira (9) e domingo (12), o trecho conhecido como \u201cCurva do Carv\u00e3o\u201d, na Lopes Trov\u00e3o, ficar\u00e1 impedido ao tr\u00e2nsito de \u00f4nibus e caminh\u00f5es.<\/p>\n\n\n\n<p>Para manter a opera\u00e7\u00e3o do transporte p\u00fablico, as linhas 413 \u2013 Lopes Trov\u00e3o, 420 \u2013 Meio da Serra e 453 \u2013 Meio da Serra via Souza Franco, v\u00e3o operar no sistema de baldea\u00e7\u00e3o.<\/p>\n\n\n\n<p>A CPTrans est\u00e1 garantindo o transporte gratuito, em ve\u00edculos tipo van, a partir da localidade conhecida como Pontilh\u00e3o at\u00e9 o Alto da Serra. O transporte gratuito tamb\u00e9m acontecer\u00e1 no sentido contr\u00e1rio (Alto da Serra x Pontilh\u00e3o).<\/p>\n\n\n\n<p>A opera\u00e7\u00e3o dos \u00f4nibus na localidade volta ao normal na segunda-feira (13).<\/p>\n\n\n\n<p>Foto: arquivo TVC<\/p>\n","protected":false},"excerpt":{"rendered":"<p>Em virtude das obras do DER na Estrada Velha da Estrela, entre esta quinta-feira (9)<\/p>\n","protected":false},"author":2,"featured_media":54987,"comment_status":"open","ping_status":"open","sticky":false,"template":"","format":"standard","meta":{"footnotes":""},"categories":[12],"tags":[],"class_list":["post-54986","post","type-post","status-publish","format-standard","has-post-thumbnail","hentry","category-cidade"],"_links":{"self":[{"href":"https:\/\/tvc16.com\/portal\/wp-json\/wp\/v2\/posts\/54986","targetHints":{"allow":["GET"]}}],"collection":[{"href":"https:\/\/tvc16.com\/portal\/wp-json\/wp\/v2\/posts"}],"about":[{"href":"https:\/\/tvc16.com\/portal\/wp-json\/wp\/v2\/types\/post"}],"author":[{"embeddable":true,"href":"https:\/\/tvc16.com\/portal\/wp-json\/wp\/v2\/users\/2"}],"replies":[{"embeddable":true,"href":"https:\/\/tvc16.com\/portal\/wp-json\/wp\/v2\/comments?post=54986"}],"version-history":[{"count":1,"href":"https:\/\/tvc16.com\/portal\/wp-json\/wp\/v2\/posts\/54986\/revisions"}],"predecessor-version":[{"id":54988,"href":"https:\/\/tvc16.com\/portal\/wp-json\/wp\/v2\/posts\/54986\/revisions\/54988"}],"wp:featuredmedia":[{"embeddable":true,"href":"https:\/\/tvc16.com\/portal\/wp-json\/wp\/v2\/media\/54987"}],"wp:attachment":[{"href":"https:\/\/tvc16.com\/portal\/wp-json\/wp\/v2\/media?parent=54986"}],"wp:term":[{"taxonomy":"category","embeddable":true,"href":"https:\/\/tvc16.com\/portal\/wp-json\/wp\/v2\/categories?post=54986"},{"taxonomy":"post_tag","embeddable":true,"href":"https:\/\/tvc16.com\/portal\/wp-json\/wp\/v2\/tags?post=54986"}],"curies":[{"name":"wp","href":"https:\/\/api.w.org\/{rel}","templated":true}]}}