{"id":54989,"date":"2023-03-09T16:03:18","date_gmt":"2023-03-09T19:03:18","guid":{"rendered":"https:\/\/tvc16.com\/portal\/?p=54989"},"modified":"2023-03-09T16:03:19","modified_gmt":"2023-03-09T19:03:19","slug":"obra-de-restauracao-do-monumento-da-praca-visconde-de-maua-tem-inicio","status":"publish","type":"post","link":"https:\/\/tvc16.com\/portal\/2023\/03\/09\/obra-de-restauracao-do-monumento-da-praca-visconde-de-maua-tem-inicio\/","title":{"rendered":"Obra de restaura\u00e7\u00e3o do monumento da Pra\u00e7a Visconde de Mau\u00e1 tem in\u00edcio"},"content":{"rendered":"\n<p>Teve in\u00edcio nesta quinta-feira (09) a restaura\u00e7\u00e3o do chafariz da \u00e1guia da Pra\u00e7a Visconde de Mau\u00e1, no Centro da Cidade. O servi\u00e7o foi iniciado ap\u00f3s duas tentativas frustradas de licita\u00e7\u00e3o nos anos de 2021 e 2022.<\/p>\n\n\n\n<p>A previs\u00e3o \u00e9 que a restaura\u00e7\u00e3o dure cerca de quatro meses. De acordo com o projeto, que foi autorizado pelo Instituto do Patrim\u00f4nio Hist\u00f3rico e Art\u00edstico Nacional (Iphan), todo o monumento passar\u00e1 por reforma (\u00e1guia e chafariz), al\u00e9m de receber nova ilumina\u00e7\u00e3o.<\/p>\n\n\n\n<p>&#8220;Ap\u00f3s a restaura\u00e7\u00e3o do chafariz, toda a pra\u00e7a passar\u00e1 por interven\u00e7\u00f5es dentro do projeto Adote uma Pra\u00e7a. Em breve todo aquele espa\u00e7o estar\u00e1 restaurado e preservado&#8221;, disse o prefeito Rubens Bomtempo.<\/p>\n\n\n\n<p>A Pra\u00e7a Visconde de Mau\u00e1 (conhecida como Pra\u00e7a da \u00c1guia) foi adotada pela Deguste, que realiza mensalmente h\u00e1 sete anos no local a Feira de Cervejas Artesanais. O projeto Adote uma Pra\u00e7a foi criado pela Prefeitura e tem como objetivo firmar parcerias com a iniciativa privada para manuten\u00e7\u00e3o das pra\u00e7as e jardins do munic\u00edpio.<\/p>\n","protected":false},"excerpt":{"rendered":"<p>Teve in\u00edcio nesta quinta-feira (09) a restaura\u00e7\u00e3o do chafariz da \u00e1guia da Pra\u00e7a Visconde de<\/p>\n","protected":false},"author":2,"featured_media":17753,"comment_status":"open","ping_status":"open","sticky":false,"template":"","format":"standard","meta":{"footnotes":""},"categories":[12],"tags":[],"class_list":["post-54989","post","type-post","status-publish","format-standard","has-post-thumbnail","hentry","category-cidade"],"_links":{"self":[{"href":"https:\/\/tvc16.com\/portal\/wp-json\/wp\/v2\/posts\/54989","targetHints":{"allow":["GET"]}}],"collection":[{"href":"https:\/\/tvc16.com\/portal\/wp-json\/wp\/v2\/posts"}],"about":[{"href":"https:\/\/tvc16.com\/portal\/wp-json\/wp\/v2\/types\/post"}],"author":[{"embeddable":true,"href":"https:\/\/tvc16.com\/portal\/wp-json\/wp\/v2\/users\/2"}],"replies":[{"embeddable":true,"href":"https:\/\/tvc16.com\/portal\/wp-json\/wp\/v2\/comments?post=54989"}],"version-history":[{"count":1,"href":"https:\/\/tvc16.com\/portal\/wp-json\/wp\/v2\/posts\/54989\/revisions"}],"predecessor-version":[{"id":54990,"href":"https:\/\/tvc16.com\/portal\/wp-json\/wp\/v2\/posts\/54989\/revisions\/54990"}],"wp:featuredmedia":[{"embeddable":true,"href":"https:\/\/tvc16.com\/portal\/wp-json\/wp\/v2\/media\/17753"}],"wp:attachment":[{"href":"https:\/\/tvc16.com\/portal\/wp-json\/wp\/v2\/media?parent=54989"}],"wp:term":[{"taxonomy":"category","embeddable":true,"href":"https:\/\/tvc16.com\/portal\/wp-json\/wp\/v2\/categories?post=54989"},{"taxonomy":"post_tag","embeddable":true,"href":"https:\/\/tvc16.com\/portal\/wp-json\/wp\/v2\/tags?post=54989"}],"curies":[{"name":"wp","href":"https:\/\/api.w.org\/{rel}","templated":true}]}}