{"id":5499,"date":"2020-11-12T18:10:51","date_gmt":"2020-11-12T21:10:51","guid":{"rendered":"https:\/\/tvc16.com\/portal\/?p=5499"},"modified":"2020-11-12T18:10:53","modified_gmt":"2020-11-12T21:10:53","slug":"presidente-do-congresso-nacional-pede-investigacao-sobre-incendio-em-amapa","status":"publish","type":"post","link":"https:\/\/tvc16.com\/portal\/2020\/11\/12\/presidente-do-congresso-nacional-pede-investigacao-sobre-incendio-em-amapa\/","title":{"rendered":"Presidente do Congresso Nacional pede investiga\u00e7\u00e3o sobre inc\u00eandio em Amap\u00e1"},"content":{"rendered":"\n<p>O crime de omiss\u00e3o de socorro, que est\u00e1 previsto no art. 135 do C\u00f3digo Penal e tem pena prevista de um ano a seis meses de deten\u00e7\u00e3o<\/p>\n\n\n\n<p>O presidente do Congresso Nacional, senador Davi Alcolumbre (DEM-AP), disse que vai pedir \u00e0 Pol\u00edcia Federal e ao Minist\u00e9rio P\u00fablico Federal (MPF) que investiguem as causas que levaram ao inc\u00eandio na subesta\u00e7\u00e3o de energia e, posteriormente, provocaram um apag\u00e3o no Amap\u00e1. O parlamentar alertou para a situa\u00e7\u00e3o de terror que tomou conta das ruas de Macap\u00e1, segundo ele, por fac\u00e7\u00f5es criminosas e grupos pol\u00edticos corruptos se uniram para desestabilizar as elei\u00e7\u00f5es da cidade.<\/p>\n\n\n\n<p>Na \u00faltima quarta-feira (11), o presidente do Tribunal Superior Eleitoral (TSE), Lu\u00eds Roberto Barroso, atendeu a um pedido do Tribunal Regional Eleitoral do Amap\u00e1 (TRE-AP) e adiou as elei\u00e7\u00f5es municipais na capital do estado. O primeiro turno em todo o pa\u00eds est\u00e1 previsto para este domingo (15) e o segundo, para o pr\u00f3ximo dia 29. A nova data do pleito n\u00e3o foi definida.<\/p>\n\n\n\n<p>Fonte: <a href=\"https:\/\/brasil61.com\/noticias\/presidente-do-congresso-nacional-pede-investigacao-sobre-incendio-em-amapa-bras202565?email=bethdeoliveira@yahoo.com.br&amp;utm_source=newsletter&amp;utm_medium=newsletter&amp;utm_campaign=newsletter\" target=\"_blank\" rel=\"noreferrer noopener\">Brasil 61<\/a><\/p>\n","protected":false},"excerpt":{"rendered":"<p>O crime de omiss\u00e3o de socorro, que est\u00e1 previsto no art. 135 do C\u00f3digo Penal<\/p>\n","protected":false},"author":2,"featured_media":5500,"comment_status":"open","ping_status":"open","sticky":false,"template":"","format":"standard","meta":{"footnotes":""},"categories":[15],"tags":[],"class_list":["post-5499","post","type-post","status-publish","format-standard","has-post-thumbnail","hentry","category-politica"],"_links":{"self":[{"href":"https:\/\/tvc16.com\/portal\/wp-json\/wp\/v2\/posts\/5499","targetHints":{"allow":["GET"]}}],"collection":[{"href":"https:\/\/tvc16.com\/portal\/wp-json\/wp\/v2\/posts"}],"about":[{"href":"https:\/\/tvc16.com\/portal\/wp-json\/wp\/v2\/types\/post"}],"author":[{"embeddable":true,"href":"https:\/\/tvc16.com\/portal\/wp-json\/wp\/v2\/users\/2"}],"replies":[{"embeddable":true,"href":"https:\/\/tvc16.com\/portal\/wp-json\/wp\/v2\/comments?post=5499"}],"version-history":[{"count":1,"href":"https:\/\/tvc16.com\/portal\/wp-json\/wp\/v2\/posts\/5499\/revisions"}],"predecessor-version":[{"id":5501,"href":"https:\/\/tvc16.com\/portal\/wp-json\/wp\/v2\/posts\/5499\/revisions\/5501"}],"wp:featuredmedia":[{"embeddable":true,"href":"https:\/\/tvc16.com\/portal\/wp-json\/wp\/v2\/media\/5500"}],"wp:attachment":[{"href":"https:\/\/tvc16.com\/portal\/wp-json\/wp\/v2\/media?parent=5499"}],"wp:term":[{"taxonomy":"category","embeddable":true,"href":"https:\/\/tvc16.com\/portal\/wp-json\/wp\/v2\/categories?post=5499"},{"taxonomy":"post_tag","embeddable":true,"href":"https:\/\/tvc16.com\/portal\/wp-json\/wp\/v2\/tags?post=5499"}],"curies":[{"name":"wp","href":"https:\/\/api.w.org\/{rel}","templated":true}]}}