{"id":55000,"date":"2023-03-12T08:00:00","date_gmt":"2023-03-12T11:00:00","guid":{"rendered":"https:\/\/tvc16.com\/portal\/?p=55000"},"modified":"2023-03-10T07:18:08","modified_gmt":"2023-03-10T10:18:08","slug":"jards-macale-sobe-a-serra-para-apresentacao-pelos-180-anos-da-cidade-na-casa-de-petropolis","status":"publish","type":"post","link":"https:\/\/tvc16.com\/portal\/2023\/03\/12\/jards-macale-sobe-a-serra-para-apresentacao-pelos-180-anos-da-cidade-na-casa-de-petropolis\/","title":{"rendered":"Jards Macal\u00e9 sobe a serra para apresenta\u00e7\u00e3o pelos 180 anos da cidade na Casa de Petr\u00f3polis"},"content":{"rendered":"\n<p>Os 180 anos da Cidade Imperial ser\u00e3o comemorados em grande estilo na Casa de Petr\u00f3polis Instituto de Cultura. O distinto ponto tur\u00edstico receber\u00e1 em seus jardins a apresenta\u00e7\u00e3o in\u00e9dita do \u00edcone da m\u00fasica popular brasileira, Jards Macal\u00e9. O cantor sobe a Serra na v\u00e9spera do feriado, dia 15 de mar\u00e7o, para o show a partir das 19h. A entrada \u00e9 gratuita. A Casa fica localizada \u00e0 Rua da Ipiranga, 716 \u2013 Centro Hist\u00f3rico, e possui estacionamento rotativo no local.<\/p>\n\n\n\n<p>Jards Macal\u00e9, que acaba de completar seus 80 anos, \u00e9 compositor, cantor, violonista, arranjador, produtor musical e ator, tem extensa discografia com obras memor\u00e1veis como Mal Secreto e Vapor Barato. Mas isso n\u00e3o significa que o octogen\u00e1rio viva das gl\u00f3rias do passado. Em abril, Macal\u00e9 presenteia o p\u00fablico com um novo \u00e1lbum: Cora\u00e7\u00e3o Bifurcado, cujo single que leva o nome do disco foi lan\u00e7ado no \u00faltimo dia 3 \u2013 data de anivers\u00e1rio do artista.<\/p>\n\n\n\n<p>\u201cEu morei em Petr\u00f3polis entre 1978 a 1982, no bairro Independ\u00eancia, e eu tinha orgulho em dizer: \u2018moro no Independ\u00eancia de Petr\u00f3polis\u2019. Nas minhas f\u00e9rias, em v\u00e1rias ocasi\u00f5es, eu passei na Cidade de Pedro. A cidade est\u00e1 dentro de mim h\u00e1 muito tempo\u201d, conta o artista sobre a rela\u00e7\u00e3o com o munic\u00edpio. E, para brindar os 180 anos de Petr\u00f3polis, ele prepara um repert\u00f3rio que inclui seus v\u00e1rios anos de estrada e novidades do seu disco. \u201cTamb\u00e9m vou trazer can\u00e7\u00f5es de outros artistas que eu adoro, como Paulinho da Viola, Nelson Cavaquinho, Lupic\u00ednio Rodrigues e Geraldo Pereira\u201d, destaca.<\/p>\n\n\n\n<p>\u201cEsse \u00e9 um presente para Petr\u00f3polis e para os petropolitanos. Macal\u00e9 tem prest\u00edgio incomum na ind\u00fastria fonogr\u00e1fica, justamente por n\u00e3o ter se rendido ao imediatismo do mercado e utilizar dos poemas e at\u00e9 de certa estranheza para compor sua obra. Ser\u00e1 um espet\u00e1culo lindo, preparado com muito carinho em um dos cen\u00e1rios mais representativos da cidade\u201d, destaca Luiz Aquila, diretor de Arte e Cultura da CPIC, que tamb\u00e9m acaba de completar 80 anos e celebra o p\u00fablico com uma exposi\u00e7\u00e3o in\u00e9dita no interior da casa.<\/p>\n\n\n\n<p>\u201cEstamos preparando uma grande festa para comemorar os 180 anos de Petr\u00f3polis em parceria com a iniciativa privada. Tivemos um ano muito dif\u00edcil, e neste momento de reconstru\u00e7\u00e3o da cidade \u00e9 importante comemorarmos essa data t\u00e3o importante tendo a apresenta\u00e7\u00e3o de artistas renomados, como Jards Macal\u00e9. Ser\u00e1 uma grande festa\u201d, disse o prefeito Rubens Bomtempo.<\/p>\n\n\n\n<p>Durante o evento, as artes\u00e3s do Ateli\u00ea Arte em Comum produzir\u00e3o bordados exclusivos dedicados \u00e0s can\u00e7\u00f5es de Jards Macal\u00e9. A convite da equipe da Casa, elas far\u00e3o uma oficina aberta ao p\u00fablico, para quem quiser aprender a arte do bordado. O ateli\u00ea busca promover o desenvolvimento socioecon\u00f4mico, ambiental e cultural da comunidade por meio de a\u00e7\u00f5es que valorizem o coletivo e o fortalecimento da cidadania local. O grupo produz uma variedade de itens usando crit\u00e9rios de economia solid\u00e1ria para promover a gera\u00e7\u00e3o de renda entre mulheres.<\/p>\n\n\n\n<p>&#8220;\u00c9 uma honra para Petr\u00f3polis receber o Jards Macal\u00e9, grande nome da m\u00fasica brasileira. Fazemos quest\u00e3o de garantir que a entrada do show seja gratuita para beneficiar a popula\u00e7\u00e3o da nossa cidade&#8221;, disse Diana Iliescu, presidenta do Instituto Municipal de Cultura de Petr\u00f3polis.<\/p>\n\n\n\n<p>\u201cTodo o evento est\u00e1 sendo produzido com muito carinho. Pessoalmente, \u00e9 um sonho v\u00ea-lo se apresentando na Casa. Al\u00e9m disso, a presen\u00e7a do Ateli\u00ea Arte em Comum vai dar um toque ainda mais especial ao show\u201d, explica a produtora do evento, Lilia Monteiro.<\/p>\n\n\n\n<p>O show conta com o apoio da Prefeitura de Petr\u00f3polis, do Instituto Municipal de Cultura e da&nbsp;SECEC&nbsp;por meio do edital Retomada Cultural 2, da Petr\u00f3polis Film Commission e do Petr\u00f3polis Convention &amp; Visitors Bureau e do Hotel Solar do Imp\u00e9rio. A iniciativa integra a programa\u00e7\u00e3o da Casa de Petr\u00f3polis que tamb\u00e9m celebra os 80 anos do artista pl\u00e1stico Luiz Aquila com visita\u00e7\u00e3o \u00e0 exposi\u00e7\u00e3o do artista de quarta a domingo, das&nbsp;10h \u00e0s&nbsp;16h.<\/p>\n\n\n\n<p><strong>Entrada gratuita para petropolitanos no 16 de mar\u00e7o<\/strong><\/p>\n\n\n\n<p>O anivers\u00e1rio de Petr\u00f3polis ser\u00e1 comemorado com entrada gratuita para os moradores da cidade, na quinta-feira, 16 de mar\u00e7o. Importante patrim\u00f4nio do munic\u00edpio, o ponto tur\u00edstico estar\u00e1 com as portas abertas das 10h \u00e0s 16h. Para garantir a entrada, basta levar um comprovante de resid\u00eancia e se dirigir \u00e0 bilheteria do local.<\/p>\n\n\n\n<p>Al\u00e9m de conferir a Casa, quem aproveitar a data para visitar o local poder\u00e1 apreciar a exposi\u00e7\u00e3o \u201cLuiz Aquila na Casa de Petr\u00f3polis &#8211; 80 anos do Artista\u201d. Na mostra, que comemora as oito d\u00e9cadas de um dos mais renomados artistas contempor\u00e2neos, s\u00e3o exibidas cinco telas verticais, feitas em duas etapas e datadas de 2013, que juntas formam uma \u201cquase\u201d instala\u00e7\u00e3o. Na sala dourada do casar\u00e3o&nbsp;est\u00e1&nbsp;a obra \u201ctri\u00e2ngulo vermelho\u201d, de 1992.<\/p>\n\n\n\n<p><strong>Servi\u00e7o<\/strong><\/p>\n\n\n\n<p>Show de Jards Macal\u00e9<\/p>\n\n\n\n<p>Quando: quarta, 15 de mar\u00e7o, \u00e0s 19h<\/p>\n\n\n\n<p>Local: Casa de Petr\u00f3polis \u2013 Rua Ipiranga, 716 \u2013 Centro<\/p>\n\n\n\n<p>Entrada franca<\/p>\n\n\n\n<p>Estacionamento rotativo no local<\/p>\n","protected":false},"excerpt":{"rendered":"<p>Os 180 anos da Cidade Imperial ser\u00e3o comemorados em grande estilo na Casa de Petr\u00f3polis<\/p>\n","protected":false},"author":2,"featured_media":55001,"comment_status":"open","ping_status":"open","sticky":false,"template":"","format":"standard","meta":{"footnotes":""},"categories":[12,21,264,118],"tags":[],"class_list":["post-55000","post","type-post","status-publish","format-standard","has-post-thumbnail","hentry","category-cidade","category-cultura","category-destaque","category-programacao"],"_links":{"self":[{"href":"https:\/\/tvc16.com\/portal\/wp-json\/wp\/v2\/posts\/55000","targetHints":{"allow":["GET"]}}],"collection":[{"href":"https:\/\/tvc16.com\/portal\/wp-json\/wp\/v2\/posts"}],"about":[{"href":"https:\/\/tvc16.com\/portal\/wp-json\/wp\/v2\/types\/post"}],"author":[{"embeddable":true,"href":"https:\/\/tvc16.com\/portal\/wp-json\/wp\/v2\/users\/2"}],"replies":[{"embeddable":true,"href":"https:\/\/tvc16.com\/portal\/wp-json\/wp\/v2\/comments?post=55000"}],"version-history":[{"count":1,"href":"https:\/\/tvc16.com\/portal\/wp-json\/wp\/v2\/posts\/55000\/revisions"}],"predecessor-version":[{"id":55002,"href":"https:\/\/tvc16.com\/portal\/wp-json\/wp\/v2\/posts\/55000\/revisions\/55002"}],"wp:featuredmedia":[{"embeddable":true,"href":"https:\/\/tvc16.com\/portal\/wp-json\/wp\/v2\/media\/55001"}],"wp:attachment":[{"href":"https:\/\/tvc16.com\/portal\/wp-json\/wp\/v2\/media?parent=55000"}],"wp:term":[{"taxonomy":"category","embeddable":true,"href":"https:\/\/tvc16.com\/portal\/wp-json\/wp\/v2\/categories?post=55000"},{"taxonomy":"post_tag","embeddable":true,"href":"https:\/\/tvc16.com\/portal\/wp-json\/wp\/v2\/tags?post=55000"}],"curies":[{"name":"wp","href":"https:\/\/api.w.org\/{rel}","templated":true}]}}