{"id":55009,"date":"2023-03-13T07:00:00","date_gmt":"2023-03-13T10:00:00","guid":{"rendered":"https:\/\/tvc16.com\/portal\/?p=55009"},"modified":"2023-03-10T07:50:52","modified_gmt":"2023-03-10T10:50:52","slug":"governo-do-estado-cria-tarifa-social-metroviaria-e-reduz-preco-da-passagem-para-r-5","status":"publish","type":"post","link":"https:\/\/tvc16.com\/portal\/2023\/03\/13\/governo-do-estado-cria-tarifa-social-metroviaria-e-reduz-preco-da-passagem-para-r-5\/","title":{"rendered":"<strong>Governo do estado cria Tarifa Social metrovi\u00e1ria e reduz pre\u00e7o da passagem para R$ 5<\/strong>"},"content":{"rendered":"\n<p><em>Medida vale para usu\u00e1rios do Bilhete \u00danico Intermunicipal a partir de 12 de abril<\/em><\/p>\n\n\n\n<p>O governador do Rio de Janeiro, Cl\u00e1udio Castro, determinou, na \u00faltima quarta-feira (08.03), a cria\u00e7\u00e3o da Tarifa Social metrovi\u00e1ria para reduzir o pre\u00e7o da passagem de metr\u00f4. Com a medida, o valor do bilhete que poderia chegar a R$ 7,20, conforme homologado pela Agetransp, ser\u00e1 reduzido para R$ 5 para todos aqueles cadastrados no Bilhete \u00danico Intermunicipal. Para os demais passageiros, a tarifa tamb\u00e9m ser\u00e1 menor do que a aprovada pela Agetransp: R$ 6,90. Os novos valores passam a valer em 12 de abril.<\/p>\n\n\n\n<p>&#8211; Vou dar sequ\u00eancia \u00e0 cria\u00e7\u00e3o da Tarifa Social para garantir o desconto aos passageiros do metr\u00f4. Meu compromisso \u00e9 lutar permanentemente por melhores condi\u00e7\u00f5es de vida da popula\u00e7\u00e3o fluminense. O novo momento do Rio se apoia na estabilidade jur\u00eddica, mas, principalmente, no respeito ao povo. Assim, o governo do estado consegue garantir um valor abaixo do reajuste e at\u00e9 mesmo da tarifa atual. Vamos continuar com nosso trabalho para dar todas as condi\u00e7\u00f5es de acesso ao transporte p\u00fablico! \u2013 anunciou o governador Cl\u00e1udio Castro.<\/p>\n\n\n\n<p>Para ter direito ao desconto da Tarifa Social, \u00e9 preciso atender aos seguintes requisitos: ter entre 5 e 64 anos; ganho mensal at\u00e9 R$ 7.507,49; e possuir um cart\u00e3o Riocard Mais habilitado no Bilhete \u00danico Intermunicipal e vinculado ao pr\u00f3prio CPF. Quem trabalha sem carteira assinada ou n\u00e3o possui renda tamb\u00e9m tem direito ao benef\u00edcio.<\/p>\n\n\n\n<p>O governo do estado j\u00e1 criou um grupo de trabalho com a Riocard e o Metr\u00f4Rio para coordenar o esquema especial de cadastramento e de comunica\u00e7\u00e3o junto \u00e0 popula\u00e7\u00e3o, a fim de garantir que todos os cidad\u00e3os eleg\u00edveis tenham acesso ao benef\u00edcio. Em breve, ser\u00e1 divulgado o cronograma de a\u00e7\u00f5es e canais e postos de atendimento, incluindo os extras que ser\u00e3o instalados em esta\u00e7\u00f5es do Metr\u00f4Rio para refor\u00e7ar o servi\u00e7o. Para os usu\u00e1rios que j\u00e1 possuem o Bilhete \u00danico Intermunicipal, o benef\u00edcio ser\u00e1 autom\u00e1tico.<\/p>\n","protected":false},"excerpt":{"rendered":"<p>Medida vale para usu\u00e1rios do Bilhete \u00danico Intermunicipal a partir de 12 de abril O<\/p>\n","protected":false},"author":2,"featured_media":55010,"comment_status":"open","ping_status":"open","sticky":false,"template":"","format":"standard","meta":{"footnotes":""},"categories":[264,18,17,15],"tags":[],"class_list":["post-55009","post","type-post","status-publish","format-standard","has-post-thumbnail","hentry","category-destaque","category-economia","category-outras-noticias","category-politica"],"_links":{"self":[{"href":"https:\/\/tvc16.com\/portal\/wp-json\/wp\/v2\/posts\/55009","targetHints":{"allow":["GET"]}}],"collection":[{"href":"https:\/\/tvc16.com\/portal\/wp-json\/wp\/v2\/posts"}],"about":[{"href":"https:\/\/tvc16.com\/portal\/wp-json\/wp\/v2\/types\/post"}],"author":[{"embeddable":true,"href":"https:\/\/tvc16.com\/portal\/wp-json\/wp\/v2\/users\/2"}],"replies":[{"embeddable":true,"href":"https:\/\/tvc16.com\/portal\/wp-json\/wp\/v2\/comments?post=55009"}],"version-history":[{"count":1,"href":"https:\/\/tvc16.com\/portal\/wp-json\/wp\/v2\/posts\/55009\/revisions"}],"predecessor-version":[{"id":55011,"href":"https:\/\/tvc16.com\/portal\/wp-json\/wp\/v2\/posts\/55009\/revisions\/55011"}],"wp:featuredmedia":[{"embeddable":true,"href":"https:\/\/tvc16.com\/portal\/wp-json\/wp\/v2\/media\/55010"}],"wp:attachment":[{"href":"https:\/\/tvc16.com\/portal\/wp-json\/wp\/v2\/media?parent=55009"}],"wp:term":[{"taxonomy":"category","embeddable":true,"href":"https:\/\/tvc16.com\/portal\/wp-json\/wp\/v2\/categories?post=55009"},{"taxonomy":"post_tag","embeddable":true,"href":"https:\/\/tvc16.com\/portal\/wp-json\/wp\/v2\/tags?post=55009"}],"curies":[{"name":"wp","href":"https:\/\/api.w.org\/{rel}","templated":true}]}}