{"id":55012,"date":"2023-03-11T08:45:00","date_gmt":"2023-03-11T11:45:00","guid":{"rendered":"https:\/\/tvc16.com\/portal\/?p=55012"},"modified":"2023-03-10T07:54:52","modified_gmt":"2023-03-10T10:54:52","slug":"teresopolis-faz-exposicao-em-homenagem-a-pele","status":"publish","type":"post","link":"https:\/\/tvc16.com\/portal\/2023\/03\/11\/teresopolis-faz-exposicao-em-homenagem-a-pele\/","title":{"rendered":"<strong>Teres\u00f3polis faz exposi\u00e7\u00e3o em homenagem a Pel\u00e9<\/strong>"},"content":{"rendered":"\n<p><strong><em>Pain\u00e9is com a trajet\u00f3ria do Rei do Futebol, e sua passagem pela cidade, podem ser conferidos na Casa da Mem\u00f3ria Arthur Dalmasso<\/em><\/strong><\/p>\n\n\n\n<p>Realizada pela Secretaria Municipal de Cultura, a exposi\u00e7\u00e3o \u201cPel\u00e9, o Rei do Futebol na Casa da Sele\u00e7\u00e3o Brasileira\u201d , no jardim da Casa da Mem\u00f3ria Arthur Dalmasso, na V\u00e1rzea. A visita\u00e7\u00e3o acontecer\u00e1 at\u00e9 o dia 30 de abril, de\u00a0segunda a domingo, das 10h \u00e0s 17h. A entrada \u00e9 franca.<\/p>\n\n\n\n<p>Composta por tr\u00eas pain\u00e9is, a mostra conta a trajet\u00f3ria do Rei do Futebol, fazendo um recorte do per\u00edodo em que Pel\u00e9 esteve em Teres\u00f3polis, em 1966, durante a concentra\u00e7\u00e3o da Sele\u00e7\u00e3o Brasileira para a Copa daquele ano. S\u00e3o imagens e documentos que registram a visita daquele que viria a se tornar o maior jogador de futebol de todos os tempos.<\/p>\n\n\n\n<p>\u00danico na hist\u00f3ria a conquistar tr\u00eas Copas do Mundo, e o maior artilheiro da Sele\u00e7\u00e3o Brasileira, Edson Arantes do Nascimento, o Pel\u00e9, morreu no dia 29 de dezembro de 2022, aos 82 anos, em decorr\u00eancia de complica\u00e7\u00f5es de um c\u00e2ncer de c\u00f3lon.<\/p>\n\n\n\n<p><strong><u>Servi\u00e7o:<\/u><\/strong><\/p>\n\n\n\n<p>Exposi\u00e7\u00e3o \u201cPel\u00e9, o Rei do Futebol na Casa da Sele\u00e7\u00e3o Brasileira\u201d<\/p>\n\n\n\n<p>Data: 09 de mar\u00e7o a 30 de abril, de segunda a sexta, de 10h \u00e0s 17h<\/p>\n\n\n\n<p>Local: Casa da Mem\u00f3ria Arthur Dalmasso<\/p>\n\n\n\n<p>&nbsp;&nbsp;&nbsp;&nbsp;&nbsp;&nbsp;&nbsp;&nbsp;&nbsp; (Pra\u00e7a Baltasar da Silveira, 91, V\u00e1rzea)<\/p>\n\n\n\n<p>Classifica\u00e7\u00e3o: Livre<\/p>\n\n\n\n<p>Entrada franca.<\/p>\n","protected":false},"excerpt":{"rendered":"<p>Pain\u00e9is com a trajet\u00f3ria do Rei do Futebol, e sua passagem pela cidade, podem ser<\/p>\n","protected":false},"author":2,"featured_media":55013,"comment_status":"open","ping_status":"open","sticky":false,"template":"","format":"standard","meta":{"footnotes":""},"categories":[21,264,19,20,17,118],"tags":[],"class_list":["post-55012","post","type-post","status-publish","format-standard","has-post-thumbnail","hentry","category-cultura","category-destaque","category-educacao","category-esporte","category-outras-noticias","category-programacao"],"_links":{"self":[{"href":"https:\/\/tvc16.com\/portal\/wp-json\/wp\/v2\/posts\/55012","targetHints":{"allow":["GET"]}}],"collection":[{"href":"https:\/\/tvc16.com\/portal\/wp-json\/wp\/v2\/posts"}],"about":[{"href":"https:\/\/tvc16.com\/portal\/wp-json\/wp\/v2\/types\/post"}],"author":[{"embeddable":true,"href":"https:\/\/tvc16.com\/portal\/wp-json\/wp\/v2\/users\/2"}],"replies":[{"embeddable":true,"href":"https:\/\/tvc16.com\/portal\/wp-json\/wp\/v2\/comments?post=55012"}],"version-history":[{"count":1,"href":"https:\/\/tvc16.com\/portal\/wp-json\/wp\/v2\/posts\/55012\/revisions"}],"predecessor-version":[{"id":55014,"href":"https:\/\/tvc16.com\/portal\/wp-json\/wp\/v2\/posts\/55012\/revisions\/55014"}],"wp:featuredmedia":[{"embeddable":true,"href":"https:\/\/tvc16.com\/portal\/wp-json\/wp\/v2\/media\/55013"}],"wp:attachment":[{"href":"https:\/\/tvc16.com\/portal\/wp-json\/wp\/v2\/media?parent=55012"}],"wp:term":[{"taxonomy":"category","embeddable":true,"href":"https:\/\/tvc16.com\/portal\/wp-json\/wp\/v2\/categories?post=55012"},{"taxonomy":"post_tag","embeddable":true,"href":"https:\/\/tvc16.com\/portal\/wp-json\/wp\/v2\/tags?post=55012"}],"curies":[{"name":"wp","href":"https:\/\/api.w.org\/{rel}","templated":true}]}}