{"id":55018,"date":"2023-03-11T13:00:00","date_gmt":"2023-03-11T16:00:00","guid":{"rendered":"https:\/\/tvc16.com\/portal\/?p=55018"},"modified":"2023-03-10T08:22:47","modified_gmt":"2023-03-10T11:22:47","slug":"peca-coringa-sera-encenada-neste-fim-de-semana-11-e-12-03-no-teatro-municipal-de-teresopolis","status":"publish","type":"post","link":"https:\/\/tvc16.com\/portal\/2023\/03\/11\/peca-coringa-sera-encenada-neste-fim-de-semana-11-e-12-03-no-teatro-municipal-de-teresopolis\/","title":{"rendered":"Pe\u00e7a Coringa ser\u00e1 encenada neste fim de semana, 11 e 12\/03, no Teatro Municipal de Teres\u00f3polis"},"content":{"rendered":"\n<p>Contemplado pelo edital Retomada Cultural 2, criado pela Secretaria de Estado de Cultura e Economia Criativa, atrav\u00e9s do programa Pacto Cultural RJ de Fomento \u00e0 Arte, o espet\u00e1culo teatral Coringa ser\u00e1 apresentado neste s\u00e1bado, 11, e domingo, 12 de mar\u00e7o, em Teres\u00f3polis. O local \u00e9 o Teatro Municipal, no 2\u00b0 piso da Prefeitura (Av. Feliciano Sodr\u00e9, 675), na V\u00e1rzea, com sess\u00e3o gratuita \u00e0s 19h.<\/p>\n\n\n\n<p>Lan\u00e7ado em 2021 para impulsionar a classe art\u00edstica ap\u00f3s a pandemia, o edital premiou 800 produ\u00e7\u00f5es em todo o estado do Rio de Janeiro, garantindo R$ 40 milh\u00f5es de investimentos ao setor.<\/p>\n\n\n\n<p>\u201cEssa iniciativa do Governo do Estado \u00e9 fundamental tanto para fomentar a cultura fluminense, como para democratizar o acesso dos artistas aos investimentos do poder p\u00fablico. Vamos prestigiar a classe e conferir boas produ\u00e7\u00f5es art\u00edsticas\u201d, convida Cl\u00e9o Jord\u00e3o, secret\u00e1ria municipal de Cultura de Teres\u00f3polis.<\/p>\n\n\n\n<p><strong>Sinopse:&nbsp;<\/strong>Com texto e dire\u00e7\u00e3o de Renata Mizrahi, a pe\u00e7a tem no elenco as atrizes Bianca Sacks e Bruna Macaciel, que d\u00e3o vida \u00e0s personagens Lia e Mara. S\u00e3o duas estranhas que se encontram em um apartamento em Ipanema, na Zona Sul carioca, para discutir quem deu veneno de rato para Coringa, o cachorro de uma delas e que quase morreu.<\/p>\n\n\n\n<p>Enquanto Mara tem certeza de que foi a bab\u00e1 do filho de Lia a culpada, e deseja puni\u00e7\u00e3o, Lia, por sua vez, culpa Mara por permitir que seu cachorro invada a \u00e1rea das crian\u00e7as, em vez de ficar restrito ao espa\u00e7o destinado aos c\u00e3es. Com humor \u00e1cido, o embate mostra prop\u00f5e uma cr\u00edtica aos contrastes sociais na Zona Sul do Rio de Janeiro e a determinadas situa\u00e7\u00f5es do cotidiano, que muitas vezes naturalizam absurdos.<\/p>\n\n\n\n<p><strong>Ficha T\u00e9cnica<\/strong><\/p>\n\n\n\n<p>Texto e Dire\u00e7\u00e3o: Renata Mizrahi<\/p>\n\n\n\n<p>Elenco: Bianca Sacks e Bruna Macaciel<\/p>\n\n\n\n<p>Dire\u00e7\u00e3o de Produ\u00e7\u00e3o: Fernanda Avellar<\/p>\n\n\n\n<p>Diretora Assistente: Gizelly de Paula<\/p>\n\n\n\n<p>Cen\u00e1rio e Figurinos: Guilherme Reis<\/p>\n\n\n\n<p>Desenho de Luz: Rommel Equer e Maur\u00edcio Fuziyama<\/p>\n\n\n\n<p>Trilha sonora original e design de som: Felipe Dias<\/p>\n\n\n\n<p>Fotografia e V\u00eddeo: Dalton Valerio<\/p>\n\n\n\n<p>Design Gr\u00e1fico: Leticia Rumjanek<\/p>\n\n\n\n<p>Assessoria de Comunica\u00e7\u00e3o: Dobbs Scarpa<\/p>\n\n\n\n<p>Idealiza\u00e7\u00e3o: Cia DUE<\/p>\n\n\n\n<p>Realiza\u00e7\u00e3o: Trestada Produ\u00e7\u00f5es<\/p>\n\n\n\n<p><strong>Servi\u00e7o:<\/strong><\/p>\n\n\n\n<p><strong>Espet\u00e1culo Coringa<\/strong><\/p>\n\n\n\n<p>Dias: S\u00e1bado, 11\/03, e domingo, 12\/03.<\/p>\n\n\n\n<p>Hora: 19h.<\/p>\n\n\n\n<p>Local: Teatro Municipal \u2013 2\u00ba piso da Prefeitura<br>(Av. Feliciano Sodr\u00e9, 675 \u2013 V\u00e1rzea).<\/p>\n\n\n\n<p>Classifica\u00e7\u00e3o: 14 anos.<\/p>\n\n\n\n<p>Dura\u00e7\u00e3o: 50 minutos.<\/p>\n\n\n\n<p>Entrada gr\u00e1tis.<\/p>\n","protected":false},"excerpt":{"rendered":"<p>Contemplado pelo edital Retomada Cultural 2, criado pela Secretaria de Estado de Cultura e Economia<\/p>\n","protected":false},"author":2,"featured_media":55019,"comment_status":"open","ping_status":"open","sticky":false,"template":"","format":"standard","meta":{"footnotes":""},"categories":[21,264,17,118],"tags":[],"class_list":["post-55018","post","type-post","status-publish","format-standard","has-post-thumbnail","hentry","category-cultura","category-destaque","category-outras-noticias","category-programacao"],"_links":{"self":[{"href":"https:\/\/tvc16.com\/portal\/wp-json\/wp\/v2\/posts\/55018","targetHints":{"allow":["GET"]}}],"collection":[{"href":"https:\/\/tvc16.com\/portal\/wp-json\/wp\/v2\/posts"}],"about":[{"href":"https:\/\/tvc16.com\/portal\/wp-json\/wp\/v2\/types\/post"}],"author":[{"embeddable":true,"href":"https:\/\/tvc16.com\/portal\/wp-json\/wp\/v2\/users\/2"}],"replies":[{"embeddable":true,"href":"https:\/\/tvc16.com\/portal\/wp-json\/wp\/v2\/comments?post=55018"}],"version-history":[{"count":1,"href":"https:\/\/tvc16.com\/portal\/wp-json\/wp\/v2\/posts\/55018\/revisions"}],"predecessor-version":[{"id":55020,"href":"https:\/\/tvc16.com\/portal\/wp-json\/wp\/v2\/posts\/55018\/revisions\/55020"}],"wp:featuredmedia":[{"embeddable":true,"href":"https:\/\/tvc16.com\/portal\/wp-json\/wp\/v2\/media\/55019"}],"wp:attachment":[{"href":"https:\/\/tvc16.com\/portal\/wp-json\/wp\/v2\/media?parent=55018"}],"wp:term":[{"taxonomy":"category","embeddable":true,"href":"https:\/\/tvc16.com\/portal\/wp-json\/wp\/v2\/categories?post=55018"},{"taxonomy":"post_tag","embeddable":true,"href":"https:\/\/tvc16.com\/portal\/wp-json\/wp\/v2\/tags?post=55018"}],"curies":[{"name":"wp","href":"https:\/\/api.w.org\/{rel}","templated":true}]}}