{"id":5505,"date":"2020-11-12T18:14:41","date_gmt":"2020-11-12T21:14:41","guid":{"rendered":"https:\/\/tvc16.com\/portal\/?p=5505"},"modified":"2020-11-12T18:14:44","modified_gmt":"2020-11-12T21:14:44","slug":"medico-e-investigado-pelo-mpf-por-omissao-que-pode-ter-causado-morte-de-idoso","status":"publish","type":"post","link":"https:\/\/tvc16.com\/portal\/2020\/11\/12\/medico-e-investigado-pelo-mpf-por-omissao-que-pode-ter-causado-morte-de-idoso\/","title":{"rendered":"M\u00e9dico \u00e9 investigado pelo MPF por omiss\u00e3o que pode ter causado morte de idoso"},"content":{"rendered":"\n<p>O crime de omiss\u00e3o de socorro, que est\u00e1 previsto no art. 135 do C\u00f3digo Penal e tem pena prevista de um ano a seis meses de deten\u00e7\u00e3o<\/p>\n\n\n\n<p>O Minist\u00e9rio P\u00fablico Federal (MPF) denunciou um m\u00e9dico por crime de omiss\u00e3o de socorro, que est\u00e1 previsto no art. 135 do C\u00f3digo Penal e tem pena prevista de um ano a seis meses de deten\u00e7\u00e3o. A pena \u00e9 triplicada se, da omiss\u00e3o, resultar morte. O fato \u00e9 que no dia 30 de julho deste ano, um paciente de 62 anos estava internado na Unidade de Atendimento Integrado (UAI) do bairro Tibery, em Uberl\u00e2ndia (MG), em estado grav\u00edssimo, com sofrimento intenso devido a um edema agudo de pulm\u00e3o, dor lancinante no abdome, com suspeita de peritonite, al\u00e9m de insufici\u00eancias respirat\u00f3ria e card\u00edaca n\u00e3o especificadas.<\/p>\n\n\n\n<p><strong><a href=\"https:\/\/brasil61.com\/noticias\/rs-secretaria-da-saude-discute-o-papel-da-rede-de-atencao-a-saude-na-pos-pandemia-bras202087\">RS: Secretaria da Sa\u00fade discute o papel da Rede de Aten\u00e7\u00e3o \u00e0 Sa\u00fade na p\u00f3s-pandemia<\/a><\/strong><\/p>\n\n\n\n<p><a href=\"https:\/\/brasil61.com\/noticias\/anvisa-autoriza-retomada-de-testes-da-coronavac-bras202557\"><strong>Anvisa autoriza retomada de testes da CoronaVac<\/strong><\/a><\/p>\n\n\n\n<p>Naquele mesmo dia, o paciente foi encaminhado na vaga zero para o Hospital de Cl\u00ednicas da Universidade Federal de Uberl\u00e2ndia (HC-UFU). De acordo com o Conselho Federal de Medicina, a \u201cvaga zero\u201d \u00e9 \u201cum recurso importante para garantir acesso imediato aos pacientes com risco de morte ou sofrimento intenso, devendo ser considerada como situa\u00e7\u00e3o de exce\u00e7\u00e3o e n\u00e3o uma pr\u00e1tica cotidiana na aten\u00e7\u00e3o \u00e0s urg\u00eancias\u201d. No entanto, segundo a den\u00fancia, sem uma explica\u00e7\u00e3o, o m\u00e9dico plantonista recusou-se a receber o paciente, devolvendo-o \u00e0 UAI-Tibery sem realizar qualquer avalia\u00e7\u00e3o cl\u00ednica. No dia seguinte, 31 de julho, o paciente acabou morrendo na UAI, sem ter recebido o devido atendimento.<\/p>\n\n\n\n<p>Fonte: <a href=\"https:\/\/brasil61.com\/noticias\/medico-e-investigado-pelo-mpf-por-omissao-que-pode-ter-causado-morte-de-idoso-bras202568?email=bethdeoliveira@yahoo.com.br&amp;utm_source=newsletter&amp;utm_medium=newsletter&amp;utm_campaign=newsletter\" target=\"_blank\" rel=\"noreferrer noopener\">Brasil 61<\/a><\/p>\n","protected":false},"excerpt":{"rendered":"<p>O crime de omiss\u00e3o de socorro, que est\u00e1 previsto no art. 135 do C\u00f3digo Penal<\/p>\n","protected":false},"author":2,"featured_media":5506,"comment_status":"open","ping_status":"open","sticky":false,"template":"","format":"standard","meta":{"footnotes":""},"categories":[17],"tags":[],"class_list":["post-5505","post","type-post","status-publish","format-standard","has-post-thumbnail","hentry","category-outras-noticias"],"_links":{"self":[{"href":"https:\/\/tvc16.com\/portal\/wp-json\/wp\/v2\/posts\/5505","targetHints":{"allow":["GET"]}}],"collection":[{"href":"https:\/\/tvc16.com\/portal\/wp-json\/wp\/v2\/posts"}],"about":[{"href":"https:\/\/tvc16.com\/portal\/wp-json\/wp\/v2\/types\/post"}],"author":[{"embeddable":true,"href":"https:\/\/tvc16.com\/portal\/wp-json\/wp\/v2\/users\/2"}],"replies":[{"embeddable":true,"href":"https:\/\/tvc16.com\/portal\/wp-json\/wp\/v2\/comments?post=5505"}],"version-history":[{"count":1,"href":"https:\/\/tvc16.com\/portal\/wp-json\/wp\/v2\/posts\/5505\/revisions"}],"predecessor-version":[{"id":5507,"href":"https:\/\/tvc16.com\/portal\/wp-json\/wp\/v2\/posts\/5505\/revisions\/5507"}],"wp:featuredmedia":[{"embeddable":true,"href":"https:\/\/tvc16.com\/portal\/wp-json\/wp\/v2\/media\/5506"}],"wp:attachment":[{"href":"https:\/\/tvc16.com\/portal\/wp-json\/wp\/v2\/media?parent=5505"}],"wp:term":[{"taxonomy":"category","embeddable":true,"href":"https:\/\/tvc16.com\/portal\/wp-json\/wp\/v2\/categories?post=5505"},{"taxonomy":"post_tag","embeddable":true,"href":"https:\/\/tvc16.com\/portal\/wp-json\/wp\/v2\/tags?post=5505"}],"curies":[{"name":"wp","href":"https:\/\/api.w.org\/{rel}","templated":true}]}}