{"id":55060,"date":"2023-03-10T15:58:46","date_gmt":"2023-03-10T18:58:46","guid":{"rendered":"https:\/\/tvc16.com\/portal\/?p=55060"},"modified":"2023-03-10T15:59:26","modified_gmt":"2023-03-10T18:59:26","slug":"governo-e-mprj-discutem-seguranca-em-dias-de-jogos","status":"publish","type":"post","link":"https:\/\/tvc16.com\/portal\/2023\/03\/10\/governo-e-mprj-discutem-seguranca-em-dias-de-jogos\/","title":{"rendered":"Governo e MPRJ discutem seguran\u00e7a em dias de jogos"},"content":{"rendered":"\n<p>O procurador-geral de Justi\u00e7a, Luciano Mattos, participou, nesta sexta-feira (10\/03), de uma reuni\u00e3o, no Pal\u00e1cio Guanabara, com o governador Cl\u00e1udio Castro e representantes do governo, do Judici\u00e1rio e dos times participantes das semifinais do Campeonato Estadual de futebol, para tratar da seguran\u00e7a em dias de jogos. Durante o encontro, que contou com a participa\u00e7\u00e3o do coordenador do Grupo Tem\u00e1tico Tempor\u00e1rio \u2013 Desportos (GTT-Desportos\/MPRJ), Marcus Leal, foi definida a cria\u00e7\u00e3o de um Grupo de Trabalho interinstitucional, que ir\u00e1 debater medidas de combate a atos violentos nos est\u00e1dios e em seu entorno, com o objetivo de criar um plano de atua\u00e7\u00e3o permanente.<\/p>\n\n\n\n<p>\u201cO Minist\u00e9rio P\u00fablico do Estado do Rio de Janeiro (MPRJ) reconhece a relev\u00e2ncia do tema e, exatamente por isso, n\u00f3s criamos, em meu primeiro mandato, uma estrutura pr\u00f3pria para tratar do tema desportivo, que \u00e9 o GTT-Desporto\/MPRJ. Al\u00e9m disso, estamos realizando um evento nacional, com a presen\u00e7a de PGJs dos estados e de conselheiros do CNMP para discutir o assunto. Temos debatido constantemente ideias com o objetivo de encontrar posi\u00e7\u00f5es convergentes que possam apresentar solu\u00e7\u00f5es para o problema da viol\u00eancia nos jogos\u201d, destacou o PGJ.<\/p>\n\n\n\n<p>Ap\u00f3s a reuni\u00e3o, o governador destacou que, al\u00e9m da cria\u00e7\u00e3o do Grupo de Trabalho para avaliar medidas para garantir a seguran\u00e7a dos torcedores e da popula\u00e7\u00e3o em dias de jogos, os clubes concordaram em n\u00e3o ceder ingresso para as suas torcidas organizadas. Cinco torcidas (Jovem Fla, Ra\u00e7a Rubro-Negra, For\u00e7a Jovem, Young Flu e F\u00faria Jovem) est\u00e3o proibidas de frequentar os est\u00e1dios por tempo indeterminado, e a Pol\u00edcia Civil ir\u00e1 instaurar inqu\u00e9rito policial para enquadrar quem pratica viol\u00eancia nos est\u00e1dios como integrantes de organiza\u00e7\u00e3o criminosa. Al\u00e9m disso, Cl\u00e1udio Castro afirmou que a Procuradoria-Geral do Estado ir\u00e1 arguir a constitucionalidade do artigo da Lei 6.118\/22, aprovada pela Alerj, e que anistiou as principais torcidas organizadas do estado.<\/p>\n\n\n\n<p>Por MPRJ<\/p>\n","protected":false},"excerpt":{"rendered":"<p>O procurador-geral de Justi\u00e7a, Luciano Mattos, participou, nesta sexta-feira (10\/03), de uma reuni\u00e3o, no Pal\u00e1cio<\/p>\n","protected":false},"author":2,"featured_media":55061,"comment_status":"open","ping_status":"open","sticky":false,"template":"","format":"standard","meta":{"footnotes":""},"categories":[17],"tags":[],"class_list":["post-55060","post","type-post","status-publish","format-standard","has-post-thumbnail","hentry","category-outras-noticias"],"_links":{"self":[{"href":"https:\/\/tvc16.com\/portal\/wp-json\/wp\/v2\/posts\/55060","targetHints":{"allow":["GET"]}}],"collection":[{"href":"https:\/\/tvc16.com\/portal\/wp-json\/wp\/v2\/posts"}],"about":[{"href":"https:\/\/tvc16.com\/portal\/wp-json\/wp\/v2\/types\/post"}],"author":[{"embeddable":true,"href":"https:\/\/tvc16.com\/portal\/wp-json\/wp\/v2\/users\/2"}],"replies":[{"embeddable":true,"href":"https:\/\/tvc16.com\/portal\/wp-json\/wp\/v2\/comments?post=55060"}],"version-history":[{"count":1,"href":"https:\/\/tvc16.com\/portal\/wp-json\/wp\/v2\/posts\/55060\/revisions"}],"predecessor-version":[{"id":55062,"href":"https:\/\/tvc16.com\/portal\/wp-json\/wp\/v2\/posts\/55060\/revisions\/55062"}],"wp:featuredmedia":[{"embeddable":true,"href":"https:\/\/tvc16.com\/portal\/wp-json\/wp\/v2\/media\/55061"}],"wp:attachment":[{"href":"https:\/\/tvc16.com\/portal\/wp-json\/wp\/v2\/media?parent=55060"}],"wp:term":[{"taxonomy":"category","embeddable":true,"href":"https:\/\/tvc16.com\/portal\/wp-json\/wp\/v2\/categories?post=55060"},{"taxonomy":"post_tag","embeddable":true,"href":"https:\/\/tvc16.com\/portal\/wp-json\/wp\/v2\/tags?post=55060"}],"curies":[{"name":"wp","href":"https:\/\/api.w.org\/{rel}","templated":true}]}}