{"id":55063,"date":"2023-03-10T16:49:14","date_gmt":"2023-03-10T19:49:14","guid":{"rendered":"https:\/\/tvc16.com\/portal\/?p=55063"},"modified":"2023-03-10T16:49:15","modified_gmt":"2023-03-10T19:49:15","slug":"mae-de-marielle-franco-visita-memorial-das-palavras-proibidas-da-ebc","status":"publish","type":"post","link":"https:\/\/tvc16.com\/portal\/2023\/03\/10\/mae-de-marielle-franco-visita-memorial-das-palavras-proibidas-da-ebc\/","title":{"rendered":"M\u00e3e de Marielle Franco visita Memorial das Palavras Proibidas da EBC"},"content":{"rendered":"\n<h3 class=\"wp-block-heading\">Advogada, Marinete da Silva pede Justi\u00e7a pela filha<\/h3>\n\n\n\n<h4 class=\"wp-block-heading\">Por Daniella Almeida &#8211; Rep\u00f3rter da Ag\u00eancia Brasil &#8211; Bras\u00edlia<audio src=\"https:\/\/tts-app.ebc.com.br\/media\/tts\/200053.mp3\"><\/h4>\n\n\n\n<p>A advogada Marinete da Silva, 71 anos, m\u00e3e da vereadora Marielle Franco, assassinada em mar\u00e7o de 2018, esteve no in\u00edcio da tarde desta&nbsp;sexta-feira (10)&nbsp;na sede da&nbsp;<strong>Empresa Brasil de Comunica\u00e7\u00e3o (EBC)<\/strong>, em Bras\u00edlia. Marinete visitou o Memorial das Palavras Proibidas, que tem um painel com a ilustra\u00e7\u00e3o do rosto da filha.<img decoding=\"async\" src=\"https:\/\/agenciabrasil.ebc.com.br\/ebc.png?id=1515469&amp;o=node\"><img decoding=\"async\" src=\"https:\/\/agenciabrasil.ebc.com.br\/ebc.gif?id=1515469&amp;o=node\"><\/p>\n\n\n\n<p>No tributo, h\u00e1 um desenho da vereadora no qual \u00e9 poss\u00edvel ler, nos cabelos cacheados, a mesma pergunta escrita em v\u00e1rios idiomas: \u201cQuem mandou matar Marielle?\u201d.&nbsp;&nbsp;O painel traz centenas de palavras escritas \u00e0 m\u00e3o pelos empregados da&nbsp;<strong>EBC<\/strong>&nbsp;\u2013 termos que foram proibidos e censurados ao longo dos \u00faltimos anos na empresa e tamb\u00e9m assuntos que n\u00e3o puderam ser tratados pelos ve\u00edculos de comunica\u00e7\u00e3o de r\u00e1dio, ag\u00eancia e TV. Marielle era um dos temas censurados.<\/p>\n\n\n\n<figure class=\"wp-block-image\"><img decoding=\"async\" src=\"https:\/\/imagens.ebc.com.br\/LuYAVd6ajGP2y0925dTyqzS0UYM=\/365x0\/smart\/https:\/\/agenciabrasil.ebc.com.br\/sites\/default\/files\/thumbnails\/image\/a81t0197.jpg?itok=shpM7AXv\" alt=\"Bras\u00edlia 10\/03\/2023 -  Dona Marinete da Silva, visita memorial em homenagem a vereadora assasinada Marielle Franco, na Empresa Brasil de Comunica\u00e7\u0101o (EBC) . Foto: Antonio Cruz\/Ag\u00eancia Brasil\" title=\"Antonio Cruz\/Ag\u00eancia Brasil\"\/><\/figure>\n\n\n\n<p>Bras\u00edlia 10\/03\/2023 &#8211; Marinete da Silva, visita memorial em homenagem \u00e0&nbsp;vereadora assassinada Marielle Franco, na Empresa Brasil de Comunica\u00e7\u0101o (EBC) . Foto:&nbsp;<strong>Antonio Cruz\/Ag\u00eancia Brasil<\/strong><\/p>\n\n\n\n<p>Durante a visita \u00e0 sede da&nbsp;<strong>EBC<\/strong>, Marinete da Silva escreveu \u201cMarielle Presente\u201d e \u201cJusti\u00e7a\u201d no painel em homenagem \u00e0 filha.<\/p>\n\n\n\n<p>A poucos dias da data&nbsp;que marca os cinco anos da morte da vereadora Marielle Franco e do motorista da parlamentar, Anderson Gomes, Marinete da Silva disse \u00e0&nbsp;<strong>Ag\u00eancia Brasil&nbsp;<\/strong>e \u00e0<strong>&nbsp;TV Brasil<\/strong>&nbsp;que espera por Justi\u00e7a e pela elucida\u00e7\u00e3o do crime, com o devido apontamento dos nomes dos mandantes dos assassinatos.<\/p>\n\n\n\n<p>\u201cA gente vai continuar com muita esperan\u00e7a (&#8230;) A gente sabe que, depois de 5 anos, muitas provas foram perdidas. Meia d\u00e9cada! E a gente est\u00e1 nas ruas para reivindicar, para saber quem s\u00e3o os mandantes, quem cometeu, quem planejou, quem acobertou. E o novo governo tamb\u00e9m faz isso para gente\u201d, comentando a instaura\u00e7\u00e3o, em fevereiro,&nbsp;de&nbsp;<a href=\"https:\/\/agenciabrasil.ebc.com.br\/justica\/noticia\/2023-02\/dino-determina-novo-inquerito-sobre-mortes-de-marielle-e-anderson\" target=\"_blank\" rel=\"noreferrer noopener\">novo inqu\u00e9rito da Pol\u00edcia Federal<\/a>&nbsp;para ampliar a colabora\u00e7\u00e3o nas investiga\u00e7\u00f5es dos dois homic\u00eddios, no Rio&nbsp;de Janeiro.<\/p>\n\n\n\n<p>Na&nbsp;<strong>EBC<\/strong>, Marinete foi recebida pelo diretor-presidente da empresa, H\u00e9lio Doyle, pela diretora de Jornalismo, Fl\u00e1via Filipini, al\u00e9m de ser acolhida por dezenas de empregados da empresa p\u00fablica. Durante a perman\u00eancia nas instala\u00e7\u00f5es da empresa, Marinete da Silva conversou com os jornalistas e recebeu sementes e flores de girassol como s\u00edmbolo de resist\u00eancia aos \u00faltimos anos.<\/p>\n\n\n\n<p>Diante das homenagens, Marinete da Silva entende que a filha vereadora virou s\u00edmbolo contra a viol\u00eancia de g\u00eanero na pol\u00edtica e relembra o perfil de Marielle.<\/p>\n\n\n\n<p>\u201cA Marielle \u00e9 um s\u00edmbolo de resist\u00eancia para todo mundo. \u00c9 um \u00edcone. Tem o antes e depois da Marielle. Uma mulher que foi cerceada, que foi interrompida. E dizendo: \u2018eu n\u00e3o serei interrompida. Estou aqui com legitimidade\u201d.&nbsp;<\/p>\n\n\n\n<p>Para Marinete,&nbsp;a mem\u00f3ria da filha, de sua luta e seu trabalho ainda vive&nbsp;como um legado&nbsp;para v\u00e1rios setores da sociedade. \u201cA gente identifica mulheres em campo, tanto na pol\u00edtica, em todas as pautas, na pluralidade que era aquela mulher. E que onde ela chegava, \u2018chegava chegando&#8217;. Ela mudava as coisas tamb\u00e9m da pol\u00edtica. Marielle combateu para trazer essas mulheres para onde elas quiserem\u201d, comemora a m\u00e3e da vereadora.<\/p>\n\n\n\n<h2 class=\"wp-block-heading\">Memorial<strong><\/strong><\/h2>\n\n\n\n<figure class=\"wp-block-image\"><img decoding=\"async\" src=\"https:\/\/imagens.ebc.com.br\/RpRP8TeyELsSGohpaIJTuTAwjdY=\/754x0\/smart\/https:\/\/agenciabrasil.ebc.com.br\/sites\/default\/files\/thumbnails\/image\/a81t0360.jpg?itok=2KcGpnVA\" alt=\"Bras\u00edlia 10\/03\/2023 -  Dona Marinete da Silva (d), H\u00e9lio Doyle (Pres. Ebc) (e)isita memorial em homenagem a vereadora assasinada Marielle Franco, na Empresa Brasil de Comunica\u00e7\u0101o (EBC) . Foto: Antonio Cruz\/Ag\u00eancia Brasil\" title=\"Antonio Cruz\/Ag\u00eancia Brasil\"\/><\/figure>\n\n\n\n<p>Bras\u00edlia 10\/03\/2023 &#8211; Marinete da Silva ao lado de trabalhadoras da EBC durante visita ao memorial em homenagem \u00e0&nbsp;vereadora assassinada Marielle Franco. Foto:&nbsp;<strong>Antonio Cruz\/Ag\u00eancia Brasil<\/strong><\/p>\n\n\n\n<p>O Memorial das Palavras Proibidas\u00a0\u2013 inaugurado na \u00faltima\u00a0quarta-feira (8), Dia Internacional da\u00a0Mulher\u00a0\u2013 \u00e9 uma iniciativa do Comit\u00ea de Equidade, G\u00eanero e Ra\u00e7a da\u00a0<strong>EBC<\/strong>\u00a0que retomou os trabalhos em 2023, ap\u00f3s alguns anos de inatividade. No mesmo dia, o diretor-presidente, Helio Doyle, assinou a ades\u00e3o da empresa \u00e0 Rede de Equidade \u2013 que promove a\u00e7\u00f5es de igualdade de g\u00eanero em \u00f3rg\u00e3os p\u00fablicos.<\/p>\n\n\n\n<p>Edi\u00e7\u00e3o: L\u00edlian Beraldo<\/p>\n\n\n\n<p><a href=\"https:\/\/agenciabrasil.ebc.com.br\/tags\/marinete-silva\">Marinete Silva<\/a>&nbsp;<a href=\"https:\/\/agenciabrasil.ebc.com.br\/tags\/marielle-franco\">Marielle Franco<\/a>&nbsp;<\/p>\n","protected":false},"excerpt":{"rendered":"<p>Advogada, Marinete da Silva pede Justi\u00e7a pela filha Por Daniella Almeida &#8211; Rep\u00f3rter da Ag\u00eancia<\/p>\n","protected":false},"author":2,"featured_media":55065,"comment_status":"open","ping_status":"open","sticky":false,"template":"","format":"standard","meta":{"footnotes":""},"categories":[17],"tags":[],"class_list":["post-55063","post","type-post","status-publish","format-standard","has-post-thumbnail","hentry","category-outras-noticias"],"_links":{"self":[{"href":"https:\/\/tvc16.com\/portal\/wp-json\/wp\/v2\/posts\/55063","targetHints":{"allow":["GET"]}}],"collection":[{"href":"https:\/\/tvc16.com\/portal\/wp-json\/wp\/v2\/posts"}],"about":[{"href":"https:\/\/tvc16.com\/portal\/wp-json\/wp\/v2\/types\/post"}],"author":[{"embeddable":true,"href":"https:\/\/tvc16.com\/portal\/wp-json\/wp\/v2\/users\/2"}],"replies":[{"embeddable":true,"href":"https:\/\/tvc16.com\/portal\/wp-json\/wp\/v2\/comments?post=55063"}],"version-history":[{"count":1,"href":"https:\/\/tvc16.com\/portal\/wp-json\/wp\/v2\/posts\/55063\/revisions"}],"predecessor-version":[{"id":55066,"href":"https:\/\/tvc16.com\/portal\/wp-json\/wp\/v2\/posts\/55063\/revisions\/55066"}],"wp:featuredmedia":[{"embeddable":true,"href":"https:\/\/tvc16.com\/portal\/wp-json\/wp\/v2\/media\/55065"}],"wp:attachment":[{"href":"https:\/\/tvc16.com\/portal\/wp-json\/wp\/v2\/media?parent=55063"}],"wp:term":[{"taxonomy":"category","embeddable":true,"href":"https:\/\/tvc16.com\/portal\/wp-json\/wp\/v2\/categories?post=55063"},{"taxonomy":"post_tag","embeddable":true,"href":"https:\/\/tvc16.com\/portal\/wp-json\/wp\/v2\/tags?post=55063"}],"curies":[{"name":"wp","href":"https:\/\/api.w.org\/{rel}","templated":true}]}}