{"id":55068,"date":"2023-03-10T16:51:30","date_gmt":"2023-03-10T19:51:30","guid":{"rendered":"https:\/\/tvc16.com\/portal\/?p=55068"},"modified":"2023-03-10T16:52:21","modified_gmt":"2023-03-10T19:52:21","slug":"ministerio-da-saude-vai-antecipar-vacinacao-contra-influenza-no-norte","status":"publish","type":"post","link":"https:\/\/tvc16.com\/portal\/2023\/03\/10\/ministerio-da-saude-vai-antecipar-vacinacao-contra-influenza-no-norte\/","title":{"rendered":"Minist\u00e9rio da Sa\u00fade vai antecipar vacina\u00e7\u00e3o contra influenza no Norte"},"content":{"rendered":"\n<h3 class=\"wp-block-heading\">An\u00fancio foi feito pela ministra N\u00edsia Trindade<\/h3>\n\n\n\n<h4 class=\"wp-block-heading\">Por Fl\u00e1via Albuquerque &#8211; Rep\u00f3rter da Ag\u00eancia Brasil &#8211; S\u00e3o Paulo<audio src=\"https:\/\/tts-app.ebc.com.br\/media\/tts\/200059.mp3\"><\/h4>\n\n\n\n<p>A ministra da Sa\u00fade, N\u00edsia Trindade, anunciou nesta sexta-feira (10) ap\u00f3s participar de evento na Federa\u00e7\u00e3o das Ind\u00fastrias do Estado de S\u00e3o Paulo (Fiesp), que antecipar\u00e1 a vacina\u00e7\u00e3o contra a influenza na Regi\u00e3o Norte, com as primeiras remessas da vacina chegando a partir da semana que vem. Normalmente, a vacina\u00e7\u00e3o come\u00e7a em abril em todo o pa\u00eds.<img decoding=\"async\" src=\"https:\/\/agenciabrasil.ebc.com.br\/ebc.png?id=1515499&amp;o=node\"><img decoding=\"async\" src=\"https:\/\/agenciabrasil.ebc.com.br\/ebc.gif?id=1515499&amp;o=node\"><\/p>\n\n\n\n<p>&#8220;O Brasil \u00e9 muito desigual, e n\u00e3o se pode ter um calend\u00e1rio \u00fanico de vacina\u00e7\u00e3o. N\u00f3s estamos antecipando na Regi\u00e3o Norte porque l\u00e1 eles sofrem com a quest\u00e3o do v\u00edrus de influenza de forma antecipada. A vis\u00e3o \u00e9 buscar tanto quanto poss\u00edvel para as diferen\u00e7as regionais no Brasil&#8221;, disse a ministra.<\/p>\n\n\n\n<p>Com rela\u00e7\u00e3o \u00e0 vacina bivalente contra a covid-19, N\u00edsia refor\u00e7ou que o imunizante \u00e9 de refor\u00e7o e que necessita que o indiv\u00edduo tenha tomado pelo menos duas doses anteriores, conforme orienta\u00e7\u00e3o cient\u00edfica. Ela disse que, neste momento, o foco deve ser n\u00e3o s\u00f3 de incentivar as pessoas a receberem a bivalente como de completar o esquema vacinal.<\/p>\n\n\n\n<p>Segundo N\u00edsia Trindade, j\u00e1 houve pactua\u00e7\u00e3o com os estados e munic\u00edpios para reduzir o n\u00famero de pessoas que n\u00e3o tomaram a dose de refor\u00e7o contra a covid-19, e a meta \u00e9 a de chegar a 90% da popula\u00e7\u00e3o coberta pelo esquema vacinal. &#8220;Estaremos com esse movimento ao longo de todo ano, para chegar o mais pr\u00f3ximo poss\u00edvel desse objetivo. H\u00e1 muitas dificuldades por conta de fake news e outros fen\u00f4menos que impactam. Nossa parte \u00e9 facilitar ao m\u00e1ximo o acesso&#8221;.<\/p>\n\n\n\n<p>A ministra disse que os estoques de vacinas infantis estavam zerados, e insuficientes no caso das bivalentes, no momento em que assumiu o minist\u00e9rio. Por isso, disse, em vez de campanhas pontuais, o governo articula um movimento de imuniza\u00e7\u00e3o, incluindo a covid-19. &#8220;Em rela\u00e7\u00e3o a crian\u00e7as e adolescentes, tamb\u00e9m estamos buscando intensificar essa vacina\u00e7\u00e3o com uma a\u00e7\u00e3o com o Minist\u00e9rio da Educa\u00e7\u00e3o para a vacina\u00e7\u00e3o nas escolas, que ainda est\u00e1 sendo constru\u00edda\u201d, disse.<\/p>\n\n\n\n<p>Com rela\u00e7\u00e3o \u00e0 vacina\u00e7\u00e3o contra a mpox, a ministra ressaltou que no momento n\u00e3o h\u00e1 previs\u00e3o de aumento de p\u00fablico-alvo, porque o minist\u00e9rio segue as orienta\u00e7\u00f5es internacionais. &#8220;Mas em caso de doen\u00e7as que possam ter impactos em outro segmento, temos a vigil\u00e2ncia permanente e o estudo. Isso \u00e9 o que fizemos logo em um primeiro momento com a retomada do Comit\u00ea T\u00e9cnico Assessor das Pol\u00edticas de Imuniza\u00e7\u00e3o, se haver\u00e1 alguma mudan\u00e7a. Nesse momento, n\u00e3o h\u00e1 indicativo de necessidade&#8221;.<\/p>\n\n\n\n<p>Edi\u00e7\u00e3o: Fernando Fraga<\/p>\n","protected":false},"excerpt":{"rendered":"<p>An\u00fancio foi feito pela ministra N\u00edsia Trindade Por Fl\u00e1via Albuquerque &#8211; Rep\u00f3rter da Ag\u00eancia Brasil<\/p>\n","protected":false},"author":2,"featured_media":55069,"comment_status":"open","ping_status":"open","sticky":false,"template":"","format":"standard","meta":{"footnotes":""},"categories":[17],"tags":[],"class_list":["post-55068","post","type-post","status-publish","format-standard","has-post-thumbnail","hentry","category-outras-noticias"],"_links":{"self":[{"href":"https:\/\/tvc16.com\/portal\/wp-json\/wp\/v2\/posts\/55068","targetHints":{"allow":["GET"]}}],"collection":[{"href":"https:\/\/tvc16.com\/portal\/wp-json\/wp\/v2\/posts"}],"about":[{"href":"https:\/\/tvc16.com\/portal\/wp-json\/wp\/v2\/types\/post"}],"author":[{"embeddable":true,"href":"https:\/\/tvc16.com\/portal\/wp-json\/wp\/v2\/users\/2"}],"replies":[{"embeddable":true,"href":"https:\/\/tvc16.com\/portal\/wp-json\/wp\/v2\/comments?post=55068"}],"version-history":[{"count":1,"href":"https:\/\/tvc16.com\/portal\/wp-json\/wp\/v2\/posts\/55068\/revisions"}],"predecessor-version":[{"id":55070,"href":"https:\/\/tvc16.com\/portal\/wp-json\/wp\/v2\/posts\/55068\/revisions\/55070"}],"wp:featuredmedia":[{"embeddable":true,"href":"https:\/\/tvc16.com\/portal\/wp-json\/wp\/v2\/media\/55069"}],"wp:attachment":[{"href":"https:\/\/tvc16.com\/portal\/wp-json\/wp\/v2\/media?parent=55068"}],"wp:term":[{"taxonomy":"category","embeddable":true,"href":"https:\/\/tvc16.com\/portal\/wp-json\/wp\/v2\/categories?post=55068"},{"taxonomy":"post_tag","embeddable":true,"href":"https:\/\/tvc16.com\/portal\/wp-json\/wp\/v2\/tags?post=55068"}],"curies":[{"name":"wp","href":"https:\/\/api.w.org\/{rel}","templated":true}]}}