{"id":55077,"date":"2023-03-10T16:56:39","date_gmt":"2023-03-10T19:56:39","guid":{"rendered":"https:\/\/tvc16.com\/portal\/?p=55077"},"modified":"2023-03-10T16:56:39","modified_gmt":"2023-03-10T19:56:39","slug":"ibama-e-prf-desmontam-mais-de-190-acampamentos-na-ti-yanomami","status":"publish","type":"post","link":"https:\/\/tvc16.com\/portal\/2023\/03\/10\/ibama-e-prf-desmontam-mais-de-190-acampamentos-na-ti-yanomami\/","title":{"rendered":"Ibama e PRF desmontam mais de 190 acampamentos na TI Yanomami"},"content":{"rendered":"\n<h3 class=\"wp-block-heading\">Opera\u00e7\u00e3o foi deflagrada na primeira quinzena de fevereiro<\/h3>\n\n\n\n<h4 class=\"wp-block-heading\"> Por Alex Rodrigues &#8211; Rep\u00f3rter da Ag\u00eancia Brasil &#8211; Bras\u00edlia<audio src=\"https:\/\/tts-app.ebc.com.br\/media\/tts\/200049.mp3\"><\/h4>\n\n\n\n<p>Agentes do Instituto Brasileiro do Meio Ambiente e dos Recursos Naturais Renov\u00e1veis (Ibama) e da Pol\u00edcia Rodovi\u00e1ria Federal (PRF) desmontaram mais de 190 acampamentos instalados por garimpeiros que&nbsp;<a href=\"https:\/\/agenciabrasil.ebc.com.br\/tags\/terra-yanomami\" target=\"_blank\" rel=\"noreferrer noopener\">atuam ilegalmente no interior da Terra Ind\u00edgena Yanomami<\/a>.<img decoding=\"async\" src=\"https:\/\/agenciabrasil.ebc.com.br\/ebc.png?id=1515419&amp;o=node\"><img decoding=\"async\" src=\"https:\/\/agenciabrasil.ebc.com.br\/ebc.gif?id=1515419&amp;o=node\"><\/p>\n\n\n\n<p>A a\u00e7\u00e3o faz parte da Opera\u00e7\u00e3o Omawe, deflagrada na primeira quinzena de fevereiro. Batizada com o nome de um her\u00f3i ancestral yanomami, a a\u00e7\u00e3o conjunta visa retirar todos os n\u00e3o \u00edndios da reserva de usufruto exclusivo da etnia.<\/p>\n\n\n\n<p>Os fiscais ambientais e os policiais rodovi\u00e1rios federais tamb\u00e9m inutilizaram mais de 100 equipamentos como balsas, geradores de energia el\u00e9trica, motores e embarca\u00e7\u00f5es. Tamb\u00e9m apreenderam cerca de 19 mil quilos de cassinterita extra\u00eddos de forma ilegal do interior da terra ind\u00edgena.<\/p>\n\n\n\n<p>A destrui\u00e7\u00e3o do maquin\u00e1rio pesado e de outros instrumentos e produtos qu\u00edmicos visa a desestimular que garimpeiros, j\u00e1 identificados, retornem aos acampamentos e recuperem os itens apreendidos que a opera\u00e7\u00e3o n\u00e3o consegue retirar do local, dadas as dificuldades de acesso \u00e0 \u00e1rea.<\/p>\n\n\n\n<p>Com cerca de 9,6 milh\u00f5es de hectares, a terra ind\u00edgena abrange parte dos estados de Roraima e Amazonas. Cada hectare corresponde a aproximadamente \u00e0s medidas de um campo oficial de futebol.<\/p>\n\n\n\n<p>A Opera\u00e7\u00e3o Omawe faz parte das a\u00e7\u00f5es que o governo federal implementou a partir de janeiro para tentar solucionar a crise humanit\u00e1ria que se abateu sobre a Terra Ind\u00edgena Yanomami. Motivado pelas den\u00fancias de que a atividade ilegal de garimpeiros est\u00e1 destruindo a floresta, contaminando os rios que abastecem as comunidades locais e afetando as condi\u00e7\u00f5es de sobreviv\u00eancia das popula\u00e7\u00f5es, o Executivo federal enviou para a regi\u00e3o, ainda em janeiro, uma equipe de t\u00e9cnicos do Minist\u00e9rio da Sa\u00fade.<\/p>\n\n\n\n<p>No local, os servidores p\u00fablicos da sa\u00fade se depararam com crian\u00e7as e idosos desnutridos &#8211; muitos pesando bem abaixo do m\u00ednimo recomend\u00e1vel -, al\u00e9m de pessoas com mal\u00e1ria, infec\u00e7\u00e3o respirat\u00f3ria aguda e outras doen\u00e7as sem receber qualquer tipo de assist\u00eancia m\u00e9dica. Constata\u00e7\u00e3o que motivou o Minist\u00e9rio da Sa\u00fade a declarar Emerg\u00eancia em Sa\u00fade P\u00fablica de Import\u00e2ncia Nacional no territ\u00f3rio ind\u00edgena, o que, na pr\u00e1tica, permite ao Poder Executivo federal adotar medidas de preven\u00e7\u00e3o, controle e conten\u00e7\u00e3o de riscos \u00e0 sa\u00fade p\u00fablica em car\u00e1ter de urg\u00eancia.<\/p>\n\n\n\n<p>O governo federal tamb\u00e9m instalou o Centro de Opera\u00e7\u00f5es de Emerg\u00eancias em Sa\u00fade P\u00fablica (COE), subordinado \u00e0 Secretaria de Sa\u00fade Ind\u00edgena (Sesai), e encarregado de coordenar as respostas do poder p\u00fablico \u00e0 situa\u00e7\u00e3o emergencial. Profissionais da For\u00e7a Nacional do Sistema \u00danico de Sa\u00fade foram deslocados para atender aos pacientes levados \u00e0 Casa de Sa\u00fade Ind\u00edgena Yanomami, em Boa Vista, e aos hospitais de campanha que o Ex\u00e9rcito montou em Roraima. At\u00e9 esta quinta-feira (9), ao menos 1.732 yanomami j\u00e1 tinham sido atendidos no HCamp da capital.<\/p>\n\n\n\n<p>O Minist\u00e9rio da Justi\u00e7a e Seguran\u00e7a P\u00fablica tamb\u00e9m refor\u00e7ou os efetivos da Pol\u00edcia Federal (PF) e da For\u00e7a Nacional de Seguran\u00e7a P\u00fablica para, entre outras medidas, assegurar a integridade dos profissionais da sa\u00fade que est\u00e3o atuando no local. Com o mesmo objetivo, a PRF informou j\u00e1 ter destacado 85 agentes, v\u00e1rias viaturas e dois helic\u00f3pteros para a miss\u00e3o. O Ibama, por sua vez, mobilizou v\u00e1rias equipes de fiscais ambientais e ao menos tr\u00eas aeronaves.<\/p>\n\n\n\n<p>Com base no&nbsp;<a href=\"http:\/\/www.planalto.gov.br\/ccivil_03\/_ato2023-2026\/2023\/Decreto\/D11405.htm\" target=\"_blank\" rel=\"noreferrer noopener\">Decreto 11.405\/2023<\/a>, a For\u00e7a A\u00e9rea Brasileira (FAB)&nbsp;<a href=\"https:\/\/agenciabrasil.ebc.com.br\/geral\/noticia\/2023-01\/fab-inicia-controle-do-espaco-aereo-yanomami\" target=\"_blank\" rel=\"noreferrer noopener\">restringiu os voos sobre a Terra Ind\u00edgena Yanomami<\/a>&nbsp;e adjac\u00eancias, implementado a Zona de Identifica\u00e7\u00e3o de Defesa A\u00e9rea. Militares da FAB tamb\u00e9m est\u00e3o apoiando logisticamente a distribui\u00e7\u00e3o de alimentos e rem\u00e9dios para as aldeias yanomami e o transporte de ind\u00edgenas que precisam de cuidados m\u00e9dicos. At\u00e9 esta quinta-feira, cerca de 14.254 cestas b\u00e1sicas j\u00e1 tinham sido entregues \u00e0s aldeias e 137 pessoas tinham sido transportadas para receber atendimento m\u00e9dico.<\/p>\n\n\n\n<p>Edi\u00e7\u00e3o: Fernando Fraga<\/p>\n","protected":false},"excerpt":{"rendered":"<p>Opera\u00e7\u00e3o foi deflagrada na primeira quinzena de fevereiro Por Alex Rodrigues &#8211; Rep\u00f3rter da Ag\u00eancia<\/p>\n","protected":false},"author":2,"featured_media":55078,"comment_status":"open","ping_status":"open","sticky":false,"template":"","format":"standard","meta":{"footnotes":""},"categories":[17],"tags":[],"class_list":["post-55077","post","type-post","status-publish","format-standard","has-post-thumbnail","hentry","category-outras-noticias"],"_links":{"self":[{"href":"https:\/\/tvc16.com\/portal\/wp-json\/wp\/v2\/posts\/55077","targetHints":{"allow":["GET"]}}],"collection":[{"href":"https:\/\/tvc16.com\/portal\/wp-json\/wp\/v2\/posts"}],"about":[{"href":"https:\/\/tvc16.com\/portal\/wp-json\/wp\/v2\/types\/post"}],"author":[{"embeddable":true,"href":"https:\/\/tvc16.com\/portal\/wp-json\/wp\/v2\/users\/2"}],"replies":[{"embeddable":true,"href":"https:\/\/tvc16.com\/portal\/wp-json\/wp\/v2\/comments?post=55077"}],"version-history":[{"count":1,"href":"https:\/\/tvc16.com\/portal\/wp-json\/wp\/v2\/posts\/55077\/revisions"}],"predecessor-version":[{"id":55079,"href":"https:\/\/tvc16.com\/portal\/wp-json\/wp\/v2\/posts\/55077\/revisions\/55079"}],"wp:featuredmedia":[{"embeddable":true,"href":"https:\/\/tvc16.com\/portal\/wp-json\/wp\/v2\/media\/55078"}],"wp:attachment":[{"href":"https:\/\/tvc16.com\/portal\/wp-json\/wp\/v2\/media?parent=55077"}],"wp:term":[{"taxonomy":"category","embeddable":true,"href":"https:\/\/tvc16.com\/portal\/wp-json\/wp\/v2\/categories?post=55077"},{"taxonomy":"post_tag","embeddable":true,"href":"https:\/\/tvc16.com\/portal\/wp-json\/wp\/v2\/tags?post=55077"}],"curies":[{"name":"wp","href":"https:\/\/api.w.org\/{rel}","templated":true}]}}