{"id":5508,"date":"2020-11-12T18:51:23","date_gmt":"2020-11-12T21:51:23","guid":{"rendered":"https:\/\/tvc16.com\/portal\/?p=5508"},"modified":"2020-11-12T18:51:26","modified_gmt":"2020-11-12T21:51:26","slug":"em-petropolis-ano-letivo-da-rede-publica-termina-em-18-de-dezembro","status":"publish","type":"post","link":"https:\/\/tvc16.com\/portal\/2020\/11\/12\/em-petropolis-ano-letivo-da-rede-publica-termina-em-18-de-dezembro\/","title":{"rendered":"Em Petr\u00f3polis, ano letivo da rede p\u00fablica, termina em 18 de dezembro"},"content":{"rendered":"\n<p>Segundo a Secretaria de Educa\u00e7\u00e3o do Munic\u00edpio, o Conselho Municipal de Educa\u00e7\u00e3o aprovou o c\u00f4mputo de horas letivas a partir do uso da plataforma \u201cEduca em Casa\u201d: 100 horas nos meses de julho e agosto.<\/p>\n\n\n\n<p>Com rela\u00e7\u00e3o a setembro, outubro, novembro e dezembro, o Comed aprovou 4 horas di\u00e1rias o que totaliza 304 horas. Ao todo, o c\u00f4mputo geral do uso da plataforma no ano de 2020 garantir\u00e1 600 horas de atividades pedag\u00f3gicas, levando-se em considera\u00e7\u00e3o, tamb\u00e9m, que, antes da suspens\u00e3o das aulas, os alunos tiveram 96 horas letivas presenciais computadas na rede (fevereiro e mar\u00e7o).<\/p>\n\n\n\n<p>As 200 horas restantes ser\u00e3o completadas no ano seguinte &#8211; 2021 &#8211; j\u00e1 que a Secretaria de Educa\u00e7\u00e3o pretende adotar um ciclo \u00fanico para 2020\/2021, ou seja, uma progress\u00e3o continuada. No caso dos alunos que est\u00e3o nos anos de terminalidade (5\u00ba e 9\u00b0 anos do ensino fundamental, 3\u00b0 ano do ensino m\u00e9dio e 3\u00b0 ano do ensino m\u00e9dio e V e IX fases da EJA &#8211; Educa\u00e7\u00e3o de Jovens e Adultos) e que, na maioria das vezes mudam de unidade ou sistema de ensino, eles ser\u00e3o encaminhados com relat\u00f3rios pedag\u00f3gicos que possibilitem uma vis\u00e3o preliminar para um projeto interventivo, para que possam avan\u00e7ar na escolariza\u00e7\u00e3o em 2021. <\/p>\n\n\n\n<p>A Secretaria de Educa\u00e7\u00e3o seguir\u00e1 o calend\u00e1rio\u00a0oficial, com os dias letivos terminando em dia 18 de dezembro.<\/p>\n\n\n\n<figure class=\"wp-block-image size-large\"><img loading=\"lazy\" decoding=\"async\" width=\"856\" height=\"450\" src=\"https:\/\/tvc16.com\/portal\/wp-content\/uploads\/2020\/11\/image-3-.jpg\" alt=\"\" class=\"wp-image-5509\" srcset=\"https:\/\/tvc16.com\/portal\/wp-content\/uploads\/2020\/11\/image-3-.jpg 856w, https:\/\/tvc16.com\/portal\/wp-content\/uploads\/2020\/11\/image-3--300x158.jpg 300w, https:\/\/tvc16.com\/portal\/wp-content\/uploads\/2020\/11\/image-3--768x404.jpg 768w\" sizes=\"auto, (max-width: 856px) 100vw, 856px\" \/><\/figure>\n","protected":false},"excerpt":{"rendered":"<p>Segundo a Secretaria de Educa\u00e7\u00e3o do Munic\u00edpio, o Conselho Municipal de Educa\u00e7\u00e3o aprovou o c\u00f4mputo<\/p>\n","protected":false},"author":2,"featured_media":5512,"comment_status":"open","ping_status":"open","sticky":false,"template":"","format":"standard","meta":{"footnotes":""},"categories":[12],"tags":[],"class_list":["post-5508","post","type-post","status-publish","format-standard","has-post-thumbnail","hentry","category-cidade"],"_links":{"self":[{"href":"https:\/\/tvc16.com\/portal\/wp-json\/wp\/v2\/posts\/5508","targetHints":{"allow":["GET"]}}],"collection":[{"href":"https:\/\/tvc16.com\/portal\/wp-json\/wp\/v2\/posts"}],"about":[{"href":"https:\/\/tvc16.com\/portal\/wp-json\/wp\/v2\/types\/post"}],"author":[{"embeddable":true,"href":"https:\/\/tvc16.com\/portal\/wp-json\/wp\/v2\/users\/2"}],"replies":[{"embeddable":true,"href":"https:\/\/tvc16.com\/portal\/wp-json\/wp\/v2\/comments?post=5508"}],"version-history":[{"count":1,"href":"https:\/\/tvc16.com\/portal\/wp-json\/wp\/v2\/posts\/5508\/revisions"}],"predecessor-version":[{"id":5513,"href":"https:\/\/tvc16.com\/portal\/wp-json\/wp\/v2\/posts\/5508\/revisions\/5513"}],"wp:featuredmedia":[{"embeddable":true,"href":"https:\/\/tvc16.com\/portal\/wp-json\/wp\/v2\/media\/5512"}],"wp:attachment":[{"href":"https:\/\/tvc16.com\/portal\/wp-json\/wp\/v2\/media?parent=5508"}],"wp:term":[{"taxonomy":"category","embeddable":true,"href":"https:\/\/tvc16.com\/portal\/wp-json\/wp\/v2\/categories?post=5508"},{"taxonomy":"post_tag","embeddable":true,"href":"https:\/\/tvc16.com\/portal\/wp-json\/wp\/v2\/tags?post=5508"}],"curies":[{"name":"wp","href":"https:\/\/api.w.org\/{rel}","templated":true}]}}