{"id":55080,"date":"2023-03-10T16:59:05","date_gmt":"2023-03-10T19:59:05","guid":{"rendered":"https:\/\/tvc16.com\/portal\/?p=55080"},"modified":"2023-03-10T16:59:06","modified_gmt":"2023-03-10T19:59:06","slug":"vereador-denuncia-atraso-na-obra-da-upa-centro-e-cobra-solucao-da-prefeitura","status":"publish","type":"post","link":"https:\/\/tvc16.com\/portal\/2023\/03\/10\/vereador-denuncia-atraso-na-obra-da-upa-centro-e-cobra-solucao-da-prefeitura\/","title":{"rendered":"<strong>Vereador denuncia atraso na obra da UPA Centro e cobra solu\u00e7\u00e3o da Prefeitura<\/strong>"},"content":{"rendered":"\n<p>Autor da proposta de cria\u00e7\u00e3o de uma UPA no Bairro Quitandinha \u2013 aprovada na \u00faltima semana na C\u00e2mara Municipal, o Vereador Eduardo do Blog (Rep) vem acompanhando e fiscalizando tamb\u00e9m as obras da UPA Centro. O Parlamentar denunciou o fato de que a data de in\u00edcio das obras pelo Executivo Municipal n\u00e3o era divulgado nas placas e, ap\u00f3s oficiar a Prefeitura, a data de 07\/11\/22 foi inserida na placa de informa\u00e7\u00f5es da obra, poucos dias antes do t\u00e9rmino estabelecido em contrato. O prazo para conclus\u00e3o \u00e9 de 120 dias.<\/p>\n\n\n\n<p>\u201cA popula\u00e7\u00e3o petropolitana j\u00e1 sofreu demais pela falta de uma UPA, fundamental para o equil\u00edbrio do sistema de sa\u00fade do Munic\u00edpio. Especialmente as pessoas do 1\u00ba Distrito est\u00e3o sofrendo muito. A entrega da UPA Centro e a cria\u00e7\u00e3o da UPA Quitandinha s\u00e3o fundamentais j\u00e1 que faltam profissionais e estrutura em boa parte dos Postos de Sa\u00fade (PSFs, ESFs e UBSs)\u201d, afirma o Vereador, lembrando que \u201co n\u00e3o cumprimento do prazo pode gerar consequ\u00eancias jur\u00eddicas, como multas e outras san\u00e7\u00f5es. \u00c9 importante que o Poder P\u00fablico e as empresas contratadas atuem com transpar\u00eancia e responsabilidade para garantirem a qualidade das obras e o uso adequado dos recursos p\u00fablicos. Estou encaminhando requerimentos exigindo, entre outras informa\u00e7\u00f5es, o contrato da obra para seguir fiscalizando e tomar as medidas cab\u00edveis\u201d, finaliza.&nbsp;<\/p>\n","protected":false},"excerpt":{"rendered":"<p>Autor da proposta de cria\u00e7\u00e3o de uma UPA no Bairro Quitandinha \u2013 aprovada na \u00faltima<\/p>\n","protected":false},"author":2,"featured_media":55082,"comment_status":"open","ping_status":"open","sticky":false,"template":"","format":"standard","meta":{"footnotes":""},"categories":[12],"tags":[],"class_list":["post-55080","post","type-post","status-publish","format-standard","has-post-thumbnail","hentry","category-cidade"],"_links":{"self":[{"href":"https:\/\/tvc16.com\/portal\/wp-json\/wp\/v2\/posts\/55080","targetHints":{"allow":["GET"]}}],"collection":[{"href":"https:\/\/tvc16.com\/portal\/wp-json\/wp\/v2\/posts"}],"about":[{"href":"https:\/\/tvc16.com\/portal\/wp-json\/wp\/v2\/types\/post"}],"author":[{"embeddable":true,"href":"https:\/\/tvc16.com\/portal\/wp-json\/wp\/v2\/users\/2"}],"replies":[{"embeddable":true,"href":"https:\/\/tvc16.com\/portal\/wp-json\/wp\/v2\/comments?post=55080"}],"version-history":[{"count":1,"href":"https:\/\/tvc16.com\/portal\/wp-json\/wp\/v2\/posts\/55080\/revisions"}],"predecessor-version":[{"id":55083,"href":"https:\/\/tvc16.com\/portal\/wp-json\/wp\/v2\/posts\/55080\/revisions\/55083"}],"wp:featuredmedia":[{"embeddable":true,"href":"https:\/\/tvc16.com\/portal\/wp-json\/wp\/v2\/media\/55082"}],"wp:attachment":[{"href":"https:\/\/tvc16.com\/portal\/wp-json\/wp\/v2\/media?parent=55080"}],"wp:term":[{"taxonomy":"category","embeddable":true,"href":"https:\/\/tvc16.com\/portal\/wp-json\/wp\/v2\/categories?post=55080"},{"taxonomy":"post_tag","embeddable":true,"href":"https:\/\/tvc16.com\/portal\/wp-json\/wp\/v2\/tags?post=55080"}],"curies":[{"name":"wp","href":"https:\/\/api.w.org\/{rel}","templated":true}]}}