{"id":55084,"date":"2023-03-11T10:36:57","date_gmt":"2023-03-11T13:36:57","guid":{"rendered":"https:\/\/tvc16.com\/portal\/?p=55084"},"modified":"2023-03-11T10:36:58","modified_gmt":"2023-03-11T13:36:58","slug":"desabamento-esta-madrugada-na-estrada-do-gentil-em-itaipava","status":"publish","type":"post","link":"https:\/\/tvc16.com\/portal\/2023\/03\/11\/desabamento-esta-madrugada-na-estrada-do-gentil-em-itaipava\/","title":{"rendered":"Desabamento esta madrugada, na Estrada do Gentil, em Itaipava."},"content":{"rendered":"\n<p>Equipes do Corpo de Bombeiros do grupamento de Itaipava e da Defesa Civil, foram acionadas por volta das 00h15 deste s\u00e1bado, 11, para atenderem ao desabamento de uma resid\u00eancia de dois andares, na Estrada do Gentil, em Itaipava.<\/p>\n\n\n\n<p>Segundo informa\u00e7\u00f5es preliminares, 8 pessoas estavam na casa, sendo 2 crian\u00e7as. Um homem, com 45 anos, foi resgatado com ferimentos e encaminhado para o hospital. Os demais moradores est\u00e3o sob os cuidados de l\u00edderes comunit\u00e1rios, sob atendimento do Nudec local. Equipes de Assist\u00eancia Social j\u00e1 prestam atendimento aos familiares.<\/p>\n\n\n\n<p>Equipe t\u00e9cnica da Defesa Civil estar\u00e1 de volta ao local nesta manh\u00e3 para realiza\u00e7\u00e3o de uma avalia\u00e7\u00e3o mais criteriosa.<\/p>\n","protected":false},"excerpt":{"rendered":"<p>Equipes do Corpo de Bombeiros do grupamento de Itaipava e da Defesa Civil, foram acionadas<\/p>\n","protected":false},"author":2,"featured_media":55085,"comment_status":"open","ping_status":"open","sticky":true,"template":"","format":"standard","meta":{"footnotes":""},"categories":[12,264],"tags":[],"class_list":["post-55084","post","type-post","status-publish","format-standard","has-post-thumbnail","hentry","category-cidade","category-destaque"],"_links":{"self":[{"href":"https:\/\/tvc16.com\/portal\/wp-json\/wp\/v2\/posts\/55084","targetHints":{"allow":["GET"]}}],"collection":[{"href":"https:\/\/tvc16.com\/portal\/wp-json\/wp\/v2\/posts"}],"about":[{"href":"https:\/\/tvc16.com\/portal\/wp-json\/wp\/v2\/types\/post"}],"author":[{"embeddable":true,"href":"https:\/\/tvc16.com\/portal\/wp-json\/wp\/v2\/users\/2"}],"replies":[{"embeddable":true,"href":"https:\/\/tvc16.com\/portal\/wp-json\/wp\/v2\/comments?post=55084"}],"version-history":[{"count":2,"href":"https:\/\/tvc16.com\/portal\/wp-json\/wp\/v2\/posts\/55084\/revisions"}],"predecessor-version":[{"id":55087,"href":"https:\/\/tvc16.com\/portal\/wp-json\/wp\/v2\/posts\/55084\/revisions\/55087"}],"wp:featuredmedia":[{"embeddable":true,"href":"https:\/\/tvc16.com\/portal\/wp-json\/wp\/v2\/media\/55085"}],"wp:attachment":[{"href":"https:\/\/tvc16.com\/portal\/wp-json\/wp\/v2\/media?parent=55084"}],"wp:term":[{"taxonomy":"category","embeddable":true,"href":"https:\/\/tvc16.com\/portal\/wp-json\/wp\/v2\/categories?post=55084"},{"taxonomy":"post_tag","embeddable":true,"href":"https:\/\/tvc16.com\/portal\/wp-json\/wp\/v2\/tags?post=55084"}],"curies":[{"name":"wp","href":"https:\/\/api.w.org\/{rel}","templated":true}]}}