{"id":55088,"date":"2023-03-11T12:00:00","date_gmt":"2023-03-11T15:00:00","guid":{"rendered":"https:\/\/tvc16.com\/portal\/?p=55088"},"modified":"2023-03-11T11:32:21","modified_gmt":"2023-03-11T14:32:21","slug":"em-tres-anos-de-pandemia-de-covid-19-ciencia-e-virus-evoluiram","status":"publish","type":"post","link":"https:\/\/tvc16.com\/portal\/2023\/03\/11\/em-tres-anos-de-pandemia-de-covid-19-ciencia-e-virus-evoluiram\/","title":{"rendered":"Em tr\u00eas anos de pandemia de covid-19, ci\u00eancia e v\u00edrus evolu\u00edram"},"content":{"rendered":"\n<p><em>Vin\u00edcius Lisboa &#8211; Ag\u00eancia Brasil &#8211; Rio de Janeiro<\/em><\/p>\n\n\n\n<p>Desde que a pandemia de covid-19 come\u00e7ou, em 11 de mar\u00e7o de 2020, o sucesso de novas estrat\u00e9gias na conten\u00e7\u00e3o do coronav\u00edrus SARS-CoV-2 e as muta\u00e7\u00f5es que deram a ele maior capacidade de transmiss\u00e3o moldaram altos e baixos que criaram ondas, picos e momentos de relaxamento e tranquilidade.<\/p>\n\n\n\n<p>Nestes tr\u00eas anos, o coronav\u00edrus descoberto em Wuhan, na China,\u00a0<img decoding=\"async\" src=\"https:\/\/agenciabrasil.ebc.com.br\/ebc.png?id=1515436&amp;o=node\"><img decoding=\"async\" src=\"https:\/\/agenciabrasil.ebc.com.br\/ebc.gif?id=1515436&amp;o=node\">j\u00e1 causou 759 milh\u00f5es de casos de covid-19, que provocaram 6,8 milh\u00f5es de mortes, segundo a Organiza\u00e7\u00e3o Mundial da Sa\u00fade (OMS). Cerca de 65% da popula\u00e7\u00e3o mundial est\u00e1 vacinada com duas doses, e 30% receberam doses de refor\u00e7o. Esses percentuais, por\u00e9m, escondem desigualdades: enquanto Am\u00e9ricas, Europa e Leste da \u00c1sia est\u00e3o perto dessa m\u00e9dia ou acima dela,\u00a0menos de 30% da popula\u00e7\u00e3o da \u00c1frica\u00a0recebeu duas doses da vacinas.<\/p>\n\n\n\n<p>No Brasil, os \u00f3bitos se aproximam dos 700 mil, em um universo de 37 milh\u00f5es de casos j\u00e1 diagnosticados. Apesar de a pandemia n\u00e3o causar mais o colapso de unidades de sa\u00fade, ela ainda faz v\u00edtimas: foram 330 na \u00faltima semana epidemiol\u00f3gica, segundo dados do DataSUS, o que mostra que ainda \u00e9 necess\u00e1ria aten\u00e7\u00e3o \u00e0 preven\u00e7\u00e3o, ao diagn\u00f3stico e ao tratamento da doen\u00e7a.<\/p>\n\n\n\n<p>No que diz respeito \u00e0 vacina\u00e7\u00e3o, o Brasil possui uma cobertura acima da m\u00e9dia do mundo e das Am\u00e9ricas, com 82% da popula\u00e7\u00e3o com o esquema prim\u00e1rio completo e 58% com ao menos uma dose de refor\u00e7o, segundo dados do painel Monitora Covid-19, da Funda\u00e7\u00e3o Oswaldo Cruz (Fiocruz). A maior parte dessas doses aplicadas \u00e9 de vacinas de terceira gera\u00e7\u00e3o, com as tecnologias de vetor viral e RNA mensageiro, uma inova\u00e7\u00e3o posta em pr\u00e1tica em massa pela primeira vez com a pandemia de covid-19 e acrescentada ao arsenal da ci\u00eancia contra futuras amea\u00e7as de sa\u00fade p\u00fablica.<\/p>\n\n\n\n<p><strong>Quais foram os marcos que moldaram a pandemia?<\/strong><\/p>\n\n\n\n<p>Ao contar a hist\u00f3ria da pandemia, o presidente da Sociedade Brasileira de Infectologia, Alberto Chebabo, destaca que h\u00e1 muitas formas de dividi-la, e um dos principais marcos temporais que se pode apontar \u00e9 antes e depois da vacina\u00e7\u00e3o.<\/p>\n\n\n\n<p>\u201cEm 2020, a gente n\u00e3o tinha vacina, e, em 2021, a gente come\u00e7ou a vacinar muito lentamente no primeiro semestre. Foi o per\u00edodo em que a gente teve o maior n\u00famero de mortes e a maior demanda por leitos hospitalares\u201d, lembra. \u201cA partir do segundo semestre 2021, quando a gente consegue avan\u00e7ar na vacina\u00e7\u00e3o, h\u00e1 uma mudan\u00e7a de caracter\u00edstica da doen\u00e7a, que passa a ter uma gravidade muito menor do que foi durante esse primeiro per\u00edodo, com uma redu\u00e7\u00e3o importante de mortalidade e no impacto sobre a rede hospitalar.\u201d<\/p>\n\n\n\n<p>O infectologista acrescenta que as mudan\u00e7as do pr\u00f3prio v\u00edrus s\u00e3o outra vari\u00e1vel que moldou essa hist\u00f3ria. A partir de 2021, as variantes do coronav\u00edrus, especialmente a Gamma e a Delta, trouxeram um grande aumento de casos no Brasil, que se tornou ainda mais expressivo em 2022, com a chegada da \u00d4micron. Al\u00e9m de o v\u00edrus se disseminar mais r\u00e1pido, os testes se tornaram mais acess\u00edveis, o que tamb\u00e9m ajudou a elevar o n\u00famero de diagn\u00f3sticos de covid-19, que antes estavam restritos a casos de maior gravidade.<\/p>\n\n\n\n<p>\u201cUma terceira forma de dividir \u00e9 que a gente teve, a partir do final de 2022 e in\u00edcio de 2023, a possibilidade de ter medicamentos incorporados ao SUS para que a gente possa tratar os casos com pior resposta \u00e0 vacina\u201d, diz Chebabo. \u201cApesar de a gente querer um tratamento precoce, r\u00e1pido e espec\u00edfico para a doen\u00e7a, a gente demorou a achar. Precisou ter um desenvolvimento de novas drogas antivirais e anti-inflamat\u00f3rias para que a gente pudesse ter a possibilidade de tratar precocemente a doen\u00e7a. Medica\u00e7\u00f5es que foram advogadas como salvadoras, como a cloroquina e a ivermectina, realmente n\u00e3o tinham nenhuma fun\u00e7\u00e3o.\u201d<\/p>\n\n\n\n<figure class=\"wp-block-image size-full\"><img loading=\"lazy\" decoding=\"async\" width=\"365\" height=\"243\" src=\"https:\/\/tvc16.com\/portal\/wp-content\/uploads\/2023\/03\/covid-2.jpg\" alt=\"\" class=\"wp-image-55090\" srcset=\"https:\/\/tvc16.com\/portal\/wp-content\/uploads\/2023\/03\/covid-2.jpg 365w, https:\/\/tvc16.com\/portal\/wp-content\/uploads\/2023\/03\/covid-2-300x200.jpg 300w\" sizes=\"auto, (max-width: 365px) 100vw, 365px\" \/><figcaption class=\"wp-element-caption\"><em>Alberto Chebabo<\/em><\/figcaption><\/figure>\n\n\n\n<p>O conhecimento sobre o v\u00edrus, explica o pesquisador, foi outro ponto importante que reduziu a mortalidade da doen\u00e7a. Ainda no primeiro ano da pandemia, a descoberta de como manejar os casos de falta de oxigena\u00e7\u00e3o no sangue permitiu um tratamento cl\u00ednico mais eficaz nas unidades de terapia intensiva (UTIs). A pr\u00f3pria caracteriza\u00e7\u00e3o da covid-19 como doen\u00e7a respirat\u00f3ria mudou ao longo do tempo.<\/p>\n\n\n\n<p>\u201cA gente aprendeu o espectro todo da doen\u00e7a. N\u00e3o \u00e9 uma doen\u00e7a apenas com um quadro respirat\u00f3rio agudo, \u00e9 uma doen\u00e7a com quadros muito mais amplos, com quadros cardiovasculares, com risco de trombose, e com a covid longa. Tamb\u00e9m tem impactos a m\u00e9dio e longo prazo\u201d, explica ele, que cita mudan\u00e7as neurol\u00f3gicas e tamb\u00e9m sequelas pulmonares como condi\u00e7\u00f5es p\u00f3s-covid que podem necessitar de tratamento especializado.<\/p>\n\n\n\n<p>A chefe do Laborat\u00f3rio de V\u00edrus Respirat\u00f3rios, Exantem\u00e1ticos, Enterov\u00edrus e Emerg\u00eancias Virais do Instituto Oswaldo Cruz (IOC\/Fiocruz), Marilda Siqueira, destaca que a colabora\u00e7\u00e3o de cientistas de diferentes \u00e1reas se deu de forma acelerada durante a pandemia, e esse foi um fator fundamental ao longo da emerg\u00eancia sanit\u00e1ria. O laborat\u00f3rio chefiado pela virologista foi refer\u00eancia da OMS&nbsp;<img decoding=\"async\" src=\"https:\/\/agenciabrasil.ebc.com.br\/ebc.png?id=1515436&amp;o=node\"><img decoding=\"async\" src=\"https:\/\/agenciabrasil.ebc.com.br\/ebc.gif?id=1515436&amp;o=node\">no continente americano e tamb\u00e9m participou do desenvolvimento de testes diagn\u00f3sticos em tempo recorde.<\/p>\n\n\n\n<p>\u201cAssim que a OMS disse que se tratava de um coronav\u00edrus, um laborat\u00f3rio em Berlim disponibilizou o desenho de como seria o teste diagn\u00f3stico PCR. Ent\u00e3o, Bio-Manguinhos contactou nosso laborat\u00f3rio e, em colabora\u00e7\u00e3o conosco, produziu em menos de um m\u00eas um\u00a0<em>kit<\/em>\u00a0diagn\u00f3stico. Com coordena\u00e7\u00e3o do Minist\u00e9rio da Sa\u00fade, fizemos um treinamento de todos os laborat\u00f3rios centrais de Sa\u00fade P\u00fablica [Lacens], e, em 18 de mar\u00e7o, os 27 estados brasileiros j\u00e1 estavam com um profissional treinado e com<em>\u00a0kit<\/em>\u00a0para diagn\u00f3stico de SARS-CoV-2. Poucos pa\u00edses conseguiram isso, que foi fruto de investimentos de d\u00e9cadas do Minist\u00e9rio da Sa\u00fade e Ci\u00eancia e Tecnologia em Bio-Manguinhos\u201d, conta ela.<\/p>\n\n\n\n<figure class=\"wp-block-image size-full\"><img loading=\"lazy\" decoding=\"async\" width=\"365\" height=\"243\" src=\"https:\/\/tvc16.com\/portal\/wp-content\/uploads\/2023\/03\/covid-3.jpg\" alt=\"\" class=\"wp-image-55091\" srcset=\"https:\/\/tvc16.com\/portal\/wp-content\/uploads\/2023\/03\/covid-3.jpg 365w, https:\/\/tvc16.com\/portal\/wp-content\/uploads\/2023\/03\/covid-3-300x200.jpg 300w\" sizes=\"auto, (max-width: 365px) 100vw, 365px\" \/><figcaption class=\"wp-element-caption\"><em>Marilda Siqueira\u00a0<\/em><\/figcaption><\/figure>\n\n\n\n<p>Da mesma forma que os testes, a pesquisadora explica que as vacinas tamb\u00e9m foram fruto de investimentos e esfor\u00e7os cumulativos, o que desmonta a fal\u00e1cia de que foram produzidas \u201cr\u00e1pido demais\u201d. \u201cIsso aconteceu em um curto espa\u00e7o de tempo porque j\u00e1 v\u00ednhamos com experi\u00eancias e conhecimento cient\u00edfico acumulado de d\u00e9cadas. Imagina se a introdu\u00e7\u00e3o do coronav\u00edrus tivesse sido h\u00e1 um s\u00e9culo, como aconteceu com a gripe espanhola. Teria sido arrasador, porque as ferramentas n\u00e3o estavam naquele momento prontas como estavam neste momento, em 2020. O uso dessas ferramentas que a humanidade vem desenvolvendo foram pontos cruciais para diminuir o impacto da pandemia em um ano.\u201d<\/p>\n\n\n\n<p><strong>Maior colapso sanit\u00e1rio e hospitalar<\/strong><\/p>\n\n\n\n<figure class=\"wp-block-image size-full\"><img loading=\"lazy\" decoding=\"async\" width=\"754\" height=\"503\" src=\"https:\/\/tvc16.com\/portal\/wp-content\/uploads\/2023\/03\/covid-4.jpg\" alt=\"\" class=\"wp-image-55092\" srcset=\"https:\/\/tvc16.com\/portal\/wp-content\/uploads\/2023\/03\/covid-4.jpg 754w, https:\/\/tvc16.com\/portal\/wp-content\/uploads\/2023\/03\/covid-4-300x200.jpg 300w\" sizes=\"auto, (max-width: 754px) 100vw, 754px\" \/><figcaption class=\"wp-element-caption\"><em>Funcion\u00e1rio do Cemit\u00e9rio Tarum\u00e3 na cidade de Manaus, abre uma cova para mais uma vitima do covid-19 .\u00a0<\/em><\/figcaption><\/figure>\n\n\n\n<p>O virologista da Fiocruz Amaz\u00f4nia Felipe Naveca conta que, assim como a agilidade e articula\u00e7\u00e3o dos pesquisadores, a capacidade de transmiss\u00e3o do coronav\u00edrus foi crucial para determinar as diferentes fases da pandemia. Desde sua descoberta, no fim de 2019, o v\u00edrus impressionou pesquisadores com seu potencial de dissemina\u00e7\u00e3o, chegando a todos os continentes em poucos meses. Conforme o n\u00famero de infectados cresceu, aumentou tamb\u00e9m a press\u00e3o seletiva sobre o v\u00edrus, que sofreu muta\u00e7\u00f5es para escapar do sistema imunol\u00f3gico das pessoas j\u00e1 infectadas e continuar se multiplicando.<\/p>\n\n\n\n<p>\u201cAs variantes que tiveram maior sucesso e suas linhagens, ou eram mais transmiss\u00edveis, ou escapavam mais do sistema imunol\u00f3gico, ou as duas coisas\u201d, define Naveca, que liderou o grupo respons\u00e1vel pelo sequenciamento da variante Gamma, no Amazonas, causadora do pior momento da pandemia no Brasil.<\/p>\n\n\n\n<p>Foi a variante Gamma que causou as infec\u00e7\u00f5es durante o colapso hospitalar no Amazonas em janeiro e se espalhou no pa\u00eds nos meses seguintes a ponto de lotar hospitais em todas as regi\u00f5es ao mesmo tempo. Menos de 15% da popula\u00e7\u00e3o estava vacinada com a primeira dose naquele momento, e o Brasil chegou a ter mais de 3 mil mortes por dia entre mar\u00e7o e abril de 2021, quando enfrentou o maior colapso sanit\u00e1rio e hospitalar de sua hist\u00f3ria, segundo o Observat\u00f3rio Covid-19, da Funda\u00e7\u00e3o Oswaldo Cruz.<\/p>\n\n\n\n<p>Desde 2022, entretanto, as descendentes da variante \u00d4micron dominam o cen\u00e1rio epidemiol\u00f3gico. \u201cDo v\u00edrus ancestral \u00e0 \u00d4micron foi um salto muito grande. Inclusive, algumas teorias sugerem que esse v\u00edrus ficou evoluindo de uma maneira silenciosa em alguns pa\u00edses com menor vigil\u00e2ncia. Pode ser que ela tenha circulado de maneira silenciosa no continente africano, e quando se detecta a \u00d4micron, ela j\u00e1 era muito diferente de todas as que a gente conhecia.\u201d<\/p>\n\n\n\n<figure class=\"wp-block-image size-full\"><img loading=\"lazy\" decoding=\"async\" width=\"365\" height=\"243\" src=\"https:\/\/tvc16.com\/portal\/wp-content\/uploads\/2023\/03\/covid-5.jpg\" alt=\"\" class=\"wp-image-55093\" srcset=\"https:\/\/tvc16.com\/portal\/wp-content\/uploads\/2023\/03\/covid-5.jpg 365w, https:\/\/tvc16.com\/portal\/wp-content\/uploads\/2023\/03\/covid-5-300x200.jpg 300w\" sizes=\"auto, (max-width: 365px) 100vw, 365px\" \/><figcaption class=\"wp-element-caption\"><em>Renato Kfouri<\/em><\/figcaption><\/figure>\n\n\n\n<p>O sucesso da variante \u00d4micron em escapar da imunidade faz dela um marco na pandemia, na vis\u00e3o do vice-presidente da Sociedade Brasileira de Imuniza\u00e7\u00f5es, Renato Kfouri, que concorda que o outro grande marco \u00e9 a prote\u00e7\u00e3o coletiva obtida com as vacinas, a partir de 2021.<\/p>\n\n\n\n<p>\u201cA gente tem tr\u00eas momentos na pandemia. Um momento sem vacina; um momento com vacina antes da \u00d4micron, em que a prote\u00e7\u00e3o era mais elevada, inclusive contra as formas leves da doen\u00e7a; e um momento p\u00f3s-\u00d4micron, em que a perda da prote\u00e7\u00e3o contra as formas leves aconteceu, mas foi conservada a prote\u00e7\u00e3o contra as formas graves da doen\u00e7a. Hoje, os vacinados continuam muito bem protegidos dos desfechos mais graves, mas n\u00e3o conseguem estar protegidos contra a infec\u00e7\u00e3o.\u201d<\/p>\n\n\n\n<p><strong>O que poderia ter sido diferente?<\/strong><\/p>\n\n\n\n<p>O Brasil \u00e9 o segundo pa\u00eds do mundo que contabiliza mais v\u00edtimas da covid-19, apesar de ter a quinta maior popula\u00e7\u00e3o mundial. A mortalidade da doen\u00e7a, medida em \u00f3bitos por 100 mil habitantes pela Organiza\u00e7\u00e3o Mundial da Sa\u00fade, tamb\u00e9m atinge no pa\u00eds uma m\u00e9dia desproporcional: quase quatro vezes maior que a m\u00e9dia mundial.<\/p>\n\n\n\n<figure class=\"wp-block-image size-full\"><img loading=\"lazy\" decoding=\"async\" width=\"365\" height=\"289\" src=\"https:\/\/tvc16.com\/portal\/wp-content\/uploads\/2023\/03\/covid-6.jpg\" alt=\"\" class=\"wp-image-55094\" srcset=\"https:\/\/tvc16.com\/portal\/wp-content\/uploads\/2023\/03\/covid-6.jpg 365w, https:\/\/tvc16.com\/portal\/wp-content\/uploads\/2023\/03\/covid-6-300x238.jpg 300w\" sizes=\"auto, (max-width: 365px) 100vw, 365px\" \/><figcaption class=\"wp-element-caption\"><em>Professor\u00a0<\/em><img decoding=\"async\" src=\"https:\/\/agenciabrasil.ebc.com.br\/ebc.png?id=1515436&amp;o=node\"><img decoding=\"async\" src=\"https:\/\/agenciabrasil.ebc.com.br\/ebc.gif?id=1515436&amp;o=node\"><em>Pedro Hallal\u00a0<\/em><\/figcaption><\/figure>\n\n\n\n<p>Para o epidemiologista e professor da Universidade de Illinois Urbana-Champaign, nos Estados Unidos, Pedro Hallal, comparar a mortalidade no Brasil com a m\u00e9dia mundial requer uma s\u00e9rie de pondera\u00e7\u00f5es \u2013&nbsp;<img decoding=\"async\" src=\"https:\/\/agenciabrasil.ebc.com.br\/ebc.png?id=1515436&amp;o=node\"><img decoding=\"async\" src=\"https:\/\/agenciabrasil.ebc.com.br\/ebc.gif?id=1515436&amp;o=node\">e elas podem ser ainda mais desfavor\u00e1veis para o pa\u00eds. O cientista \u00e9 coordenador-geral da pesquisa Epicovid-19, que busca medir a preval\u00eancia do coronav\u00edrus e avaliar a velocidade de expans\u00e3o da covid-19 no pa\u00eds.<\/p>\n\n\n\n<p>Hallal explica que a popula\u00e7\u00e3o brasileira \u00e9, em m\u00e9dia, mais jovem que a mundial, o que faz com que haja um percentual menor de pessoas no grupo de risco da covid-19. Al\u00e9m disso, o Brasil \u00e9 um pa\u00eds de renda m\u00e9dia que tem um programa nacional de vacina\u00e7\u00e3o muito superior ao da maioria dos pa\u00edses, e um sistema de sa\u00fade p\u00fablico e universal com capacidade de realizar atendimentos de alta complexidade, como os casos graves de covid-19. Em rela\u00e7\u00e3o \u00e0s subnotifica\u00e7\u00f5es de outros pa\u00edses que possam puxar a m\u00e9dia mundial para baixo, o epidemiologista argumenta que a literatura j\u00e1 constru\u00edda sobre a covid-19 mostra que as mortes s\u00e3o muito menos subnotificadas do que os casos.<\/p>\n\n\n\n<p>\u201cEu acho justo, por conta de todas essas explica\u00e7\u00f5es, dizer que o Brasil tem, no m\u00ednimo, quatro vezes mais mortes do que deveria ter\u201d, diz Hallal, que enviou um estudo com essa metodologia no formato de carta ao editor para a revista&nbsp;<em>The Lancet<\/em>, um dos mais importantes peri\u00f3dicos cient\u00edficos do mundo, e tamb\u00e9m apresentou o mesmo levantamento na Comiss\u00e3o Parlamentar de Inqu\u00e9rito da Pandemia, no Senado Federal. \u201cN\u00e3o estou comparando se o Brasil fosse o exemplo do melhor enfrentamento. Se o Brasil tivesse sido apenas mediano, ele teria 184 mil mortes, e n\u00e3o 699 mil.\u201d<\/p>\n\n\n\n<p>O especialista destaca que os erros do Brasil no enfrentamento \u00e0 covid-19 vieram desde o come\u00e7o da pandemia. Os investimentos em testagem e rastreamento de contatos foram insuficientes, aponta. Al\u00e9m disso,\u00a0<img decoding=\"async\" src=\"https:\/\/agenciabrasil.ebc.com.br\/ebc.png?id=1515436&amp;o=node\"><img decoding=\"async\" src=\"https:\/\/agenciabrasil.ebc.com.br\/ebc.gif?id=1515436&amp;o=node\">o governo Jair Bolsonaro apostou em uma estrat\u00e9gia de imunidade de rebanho por infec\u00e7\u00e3o, na qual havia a expectativa de que um n\u00famero grande de infectados bloquearia a circula\u00e7\u00e3o do v\u00edrus em algum momento. &#8220;Um erro grav\u00edssimo de quem fez uma leitura equivocada desde o primeiro dia sobre o que que era essa pandemia\u201d, classifica. Ele argumenta que houve uma confus\u00e3o sobre como deveriam ser implementadas as pol\u00edticas de distanciamento social, por parte do governo federal, estados e munic\u00edpios.<\/p>\n\n\n\n<figure class=\"wp-block-image size-full\"><img loading=\"lazy\" decoding=\"async\" width=\"754\" height=\"503\" src=\"https:\/\/tvc16.com\/portal\/wp-content\/uploads\/2023\/03\/covid-7.jpg\" alt=\"\" class=\"wp-image-55095\" srcset=\"https:\/\/tvc16.com\/portal\/wp-content\/uploads\/2023\/03\/covid-7.jpg 754w, https:\/\/tvc16.com\/portal\/wp-content\/uploads\/2023\/03\/covid-7-300x200.jpg 300w\" sizes=\"auto, (max-width: 754px) 100vw, 754px\" \/><figcaption class=\"wp-element-caption\">Com\u00e9rcio fechado durante a fase vermelha da epidemia <\/figcaption><\/figure>\n\n\n\n<p>O presidente da Sociedade Brasileira de Infectologia, Alberto Chebabo, \u00e9 cauteloso em rela\u00e7\u00e3o a compara\u00e7\u00f5es da mortalidade no Brasil com a m\u00e9dia mundial, pelo risco de subnotifica\u00e7\u00f5es ou confiabilidade dos dados de todos os pa\u00edses. Apesar disso, ele n\u00e3o tem d\u00favidas de que houve um excesso de mortalidade por covid-19 no Brasil.<\/p>\n\n\n\n<p>\u201cCertamente, a gente foi um dos pa\u00edses mais afetados. E a gente errou muito na pandemia, principalmente nos primeiros dois anos. O Minist\u00e9rio da Sa\u00fade n\u00e3o teve uma atua\u00e7\u00e3o coordenada, deixando a cargo de cada munic\u00edpio e de cada estado a implementa\u00e7\u00e3o de medidas, com uma politiza\u00e7\u00e3o e polariza\u00e7\u00e3o infundadas que levaram a um n\u00famero muito grande de casos e de \u00f3bitos relacionados \u00e0 n\u00e3o implementa\u00e7\u00e3o adequada a medidas de controle, principalmente as n\u00e3o farmacol\u00f3gicas [como distanciamento e m\u00e1scaras], que eram as que gente tinha para oferecer no in\u00edcio\u201d, avalia Chebabo. \u201cIsso fragilizou muito o controle da doen\u00e7a no pa\u00eds, aumentando de forma acentuada o n\u00famero de \u00f3bitos.\u201d<\/p>\n\n\n\n<p>Outro ponto que o infectologista destaca \u00e9 que houve atraso no in\u00edcio da vacina\u00e7\u00e3o contra a covid-19 no momento em que a dissemina\u00e7\u00e3o da variante Gamma causava a fase mais letal da pandemia, com at\u00e9 3 mil mortes em um \u00fanico dia.<\/p>\n\n\n\n<p>\u201cA vacina\u00e7\u00e3o contra a covid foi muito lenta e se arrastou durante quase todo o primeiro semestre de 2021, s\u00f3 ganhando for\u00e7a mesmo no segundo semestre\u201d, afirma,\u00a0<img decoding=\"async\" src=\"https:\/\/agenciabrasil.ebc.com.br\/ebc.png?id=1515436&amp;o=node\"><img decoding=\"async\" src=\"https:\/\/agenciabrasil.ebc.com.br\/ebc.gif?id=1515436&amp;o=node\">lembrando que o pa\u00eds demorou a fechar a compra das vacinas de RNA mensageiro, exportadas pela Pfizer. \u201cO Brasil tem capacidade de vacinar at\u00e9 1,5 milh\u00e3o de pessoas por dia, e vacinava 10 mil, 20 mil, ou 100 mil, no m\u00e1ximo. A gente talvez tivesse salvado mais vidas.\u201d<\/p>\n\n\n\n<figure class=\"wp-block-image size-full\"><img loading=\"lazy\" decoding=\"async\" width=\"754\" height=\"503\" src=\"https:\/\/tvc16.com\/portal\/wp-content\/uploads\/2023\/03\/covid-8.jpg\" alt=\"\" class=\"wp-image-55096\" srcset=\"https:\/\/tvc16.com\/portal\/wp-content\/uploads\/2023\/03\/covid-8.jpg 754w, https:\/\/tvc16.com\/portal\/wp-content\/uploads\/2023\/03\/covid-8-300x200.jpg 300w\" sizes=\"auto, (max-width: 754px) 100vw, 754px\" \/><figcaption class=\"wp-element-caption\">Profissionais da Sa\u00fade foram os primeiros a serem vacinados<\/figcaption><\/figure>\n\n\n\n<p>Para o vice-presidente da Sociedade Brasileira de Imuniza\u00e7\u00f5es, Renato Kfouri, al\u00e9m da demora, houve falta de empenho em campanhas de est\u00edmulo \u00e0 vacina\u00e7\u00e3o e at\u00e9 contrapropaganda por parte do governo \u00e0 \u00e9poca. Ele considera que uma mortalidade por covid-19 acima dos pa\u00edses desenvolvidos j\u00e1 era esperada para o Brasil, porque isso tamb\u00e9m ocorre com outras doen\u00e7as, mas acredita que fatores como os problemas na vacina\u00e7\u00e3o agravaram essa diferen\u00e7a.<\/p>\n\n\n\n<p>Kfouri destaca que, apesar disso, o Brasil alcan\u00e7ou uma alta cobertura nas duas primeiras doses, mas n\u00e3o conseguiu repetir o feito nas doses de refor\u00e7o, que s\u00e3o consideradas indispens\u00e1veis para a prote\u00e7\u00e3o contra as cepas \u00d4micron. O m\u00e9dico avalia que a pandemia foi o ponto de partida do fortalecimento de movimentos antivacina no Brasil, e que as crian\u00e7as foram as maiores afetadas.<\/p>\n\n\n\n<p>\u201cPela primeira vez, a gente v\u00ea pais vacinados com at\u00e9 quatro doses que n\u00e3o vacinaram seus filhos. Em geral, a gente protege os filhos e depois pensa na nossa prote\u00e7\u00e3o. De uma maneira geral, isso impactou bastante na pediatria. Apesar de ser algo que \u00e9 mais seletivo, contra as vacinas covid, acaba respingando nas outras vacinas\u201d, afirma. \u201cA pandemia trouxe \u00e0 luz os grupos contr\u00e1rios \u00e0 vacina\u00e7\u00e3o, que aproveitaram das vacinas contra a covid-19 para disseminar conceitos equivocados e a inseguran\u00e7a na vacina\u00e7\u00e3o. Os antivacinistas s\u00e3o muito poucos no Brasil e n\u00e3o prosperavam aqui porque n\u00e3o havia um campo f\u00e9rtil. A covid-19 criou essas condi\u00e7\u00f5es.\u201d<\/p>\n","protected":false},"excerpt":{"rendered":"<p>Vin\u00edcius Lisboa &#8211; Ag\u00eancia Brasil &#8211; Rio de Janeiro Desde que a pandemia de covid-19<\/p>\n","protected":false},"author":2,"featured_media":55089,"comment_status":"open","ping_status":"open","sticky":false,"template":"","format":"standard","meta":{"footnotes":""},"categories":[264,17,14],"tags":[],"class_list":["post-55088","post","type-post","status-publish","format-standard","has-post-thumbnail","hentry","category-destaque","category-outras-noticias","category-pais"],"_links":{"self":[{"href":"https:\/\/tvc16.com\/portal\/wp-json\/wp\/v2\/posts\/55088","targetHints":{"allow":["GET"]}}],"collection":[{"href":"https:\/\/tvc16.com\/portal\/wp-json\/wp\/v2\/posts"}],"about":[{"href":"https:\/\/tvc16.com\/portal\/wp-json\/wp\/v2\/types\/post"}],"author":[{"embeddable":true,"href":"https:\/\/tvc16.com\/portal\/wp-json\/wp\/v2\/users\/2"}],"replies":[{"embeddable":true,"href":"https:\/\/tvc16.com\/portal\/wp-json\/wp\/v2\/comments?post=55088"}],"version-history":[{"count":1,"href":"https:\/\/tvc16.com\/portal\/wp-json\/wp\/v2\/posts\/55088\/revisions"}],"predecessor-version":[{"id":55097,"href":"https:\/\/tvc16.com\/portal\/wp-json\/wp\/v2\/posts\/55088\/revisions\/55097"}],"wp:featuredmedia":[{"embeddable":true,"href":"https:\/\/tvc16.com\/portal\/wp-json\/wp\/v2\/media\/55089"}],"wp:attachment":[{"href":"https:\/\/tvc16.com\/portal\/wp-json\/wp\/v2\/media?parent=55088"}],"wp:term":[{"taxonomy":"category","embeddable":true,"href":"https:\/\/tvc16.com\/portal\/wp-json\/wp\/v2\/categories?post=55088"},{"taxonomy":"post_tag","embeddable":true,"href":"https:\/\/tvc16.com\/portal\/wp-json\/wp\/v2\/tags?post=55088"}],"curies":[{"name":"wp","href":"https:\/\/api.w.org\/{rel}","templated":true}]}}