{"id":55107,"date":"2023-03-11T15:00:00","date_gmt":"2023-03-11T18:00:00","guid":{"rendered":"https:\/\/tvc16.com\/portal\/?p=55107"},"modified":"2023-03-11T13:27:25","modified_gmt":"2023-03-11T16:27:25","slug":"nudecs-de-petropolis-tem-atuacao-garantida-por-decreto","status":"publish","type":"post","link":"https:\/\/tvc16.com\/portal\/2023\/03\/11\/nudecs-de-petropolis-tem-atuacao-garantida-por-decreto\/","title":{"rendered":"Nudecs de Petr\u00f3polis tem atua\u00e7\u00e3o garantida por Decreto"},"content":{"rendered":"\n<p>Decreto publicado no Di\u00e1rio Oficial do dia 24 de fevereiro reconhece a atua\u00e7\u00e3o dos N\u00facleos Comunit\u00e1rios de Defesa Civil, os Nudecs. Na pr\u00e1tica, \u00e9 a garantia de que os grupos continuar\u00e3o exercendo seu papel fundamental para ser um canal de preven\u00e7\u00e3o \u00e0s cat\u00e1strofes e comunica\u00e7\u00e3o entre os moradores, independente da gest\u00e3o.<\/p>\n\n\n\n<p>Atualmente s\u00e3o 26 Nudecs, que atendem a 77 comunidades. O texto que garante os Nudecs como uma atividade perene do munic\u00edpio, reconhece o trabalho nas comunidades &#8211; em especial as que s\u00e3o mapeadas como de risco &#8211; que preparam moradores para situa\u00e7\u00f5es de emerg\u00eancia, al\u00e9m de promoverem atividades de sensibiliza\u00e7\u00e3o e mudan\u00e7a nos h\u00e1bitos.<\/p>\n\n\n\n<p>Cabe \u00e0 Secretaria de Prote\u00e7\u00e3o e Defesa Civil organizar e promover os n\u00facleos, oferecendo cursos de capacita\u00e7\u00e3o aos volunt\u00e1rios. A \u00e1rea de abrang\u00eancia ser\u00e1 definida pela secretaria e pelo Conselho Municipal de Prote\u00e7\u00e3o e Defesa Civil, levando em considera\u00e7\u00e3o o Plano Municipal de Redu\u00e7\u00e3o de Riscos e a Pol\u00edtica Municipal de Prote\u00e7\u00e3o e Defesa Civil.<\/p>\n\n\n\n<p>O secret\u00e1rio de Defesa Civil, Gil Kempers, destaca a import\u00e2ncia de representantes pr\u00f3ximos aos moradores, que s\u00e3o como ferramentas importantes na cultura de resili\u00eancia e na estrutura\u00e7\u00e3o de uma rede de prote\u00e7\u00e3o eficiente. <\/p>\n\n\n\n<p><strong>Conhe\u00e7a os Nudecs<\/strong><\/p>\n\n\n\n<p>Os Nudecs foram institu\u00eddos em Petr\u00f3polis a partir de 2002. Na gest\u00e3o atual, Petr\u00f3polis ampliou o espa\u00e7o da contribui\u00e7\u00e3o da comunidade. Os n\u00facleos s\u00e3o respons\u00e1veis por ajudar a preparar os moradores locais para situa\u00e7\u00f5es de emerg\u00eancia, promover atividades de conscientiza\u00e7\u00e3o coletiva e mudan\u00e7a nos h\u00e1bitos que possam evitar e\/ou reduzir ocorr\u00eancias de desastres, conforme o conhecimento adquirido em reuni\u00f5es constantes com integrantes da Defesa Civil e no Conselho de Defesa Civil \u2013 criado pela atual gest\u00e3o, no ano passado.<\/p>\n","protected":false},"excerpt":{"rendered":"<p>Decreto publicado no Di\u00e1rio Oficial do dia 24 de fevereiro reconhece a atua\u00e7\u00e3o dos N\u00facleos<\/p>\n","protected":false},"author":2,"featured_media":55108,"comment_status":"open","ping_status":"open","sticky":false,"template":"","format":"standard","meta":{"footnotes":""},"categories":[12,264],"tags":[],"class_list":["post-55107","post","type-post","status-publish","format-standard","has-post-thumbnail","hentry","category-cidade","category-destaque"],"_links":{"self":[{"href":"https:\/\/tvc16.com\/portal\/wp-json\/wp\/v2\/posts\/55107","targetHints":{"allow":["GET"]}}],"collection":[{"href":"https:\/\/tvc16.com\/portal\/wp-json\/wp\/v2\/posts"}],"about":[{"href":"https:\/\/tvc16.com\/portal\/wp-json\/wp\/v2\/types\/post"}],"author":[{"embeddable":true,"href":"https:\/\/tvc16.com\/portal\/wp-json\/wp\/v2\/users\/2"}],"replies":[{"embeddable":true,"href":"https:\/\/tvc16.com\/portal\/wp-json\/wp\/v2\/comments?post=55107"}],"version-history":[{"count":1,"href":"https:\/\/tvc16.com\/portal\/wp-json\/wp\/v2\/posts\/55107\/revisions"}],"predecessor-version":[{"id":55109,"href":"https:\/\/tvc16.com\/portal\/wp-json\/wp\/v2\/posts\/55107\/revisions\/55109"}],"wp:featuredmedia":[{"embeddable":true,"href":"https:\/\/tvc16.com\/portal\/wp-json\/wp\/v2\/media\/55108"}],"wp:attachment":[{"href":"https:\/\/tvc16.com\/portal\/wp-json\/wp\/v2\/media?parent=55107"}],"wp:term":[{"taxonomy":"category","embeddable":true,"href":"https:\/\/tvc16.com\/portal\/wp-json\/wp\/v2\/categories?post=55107"},{"taxonomy":"post_tag","embeddable":true,"href":"https:\/\/tvc16.com\/portal\/wp-json\/wp\/v2\/tags?post=55107"}],"curies":[{"name":"wp","href":"https:\/\/api.w.org\/{rel}","templated":true}]}}