{"id":55110,"date":"2023-03-11T16:00:00","date_gmt":"2023-03-11T19:00:00","guid":{"rendered":"https:\/\/tvc16.com\/portal\/?p=55110"},"modified":"2023-03-11T13:31:35","modified_gmt":"2023-03-11T16:31:35","slug":"prefeitura-mapeia-agentes-culturais-do-independencia-e-alto-da-serra","status":"publish","type":"post","link":"https:\/\/tvc16.com\/portal\/2023\/03\/11\/prefeitura-mapeia-agentes-culturais-do-independencia-e-alto-da-serra\/","title":{"rendered":"Prefeitura mapeia agentes culturais do Independ\u00eancia e Alto da Serra"},"content":{"rendered":"\n<p>Cerca de 70 agentes culturais das regi\u00f5es do Independ\u00eancia e Alto da Serra foram mapeados pelas equipes do Instituto Municipal de Cultura (IMC). O levantamento fez parte do programa Nosso Bairro, que leva a\u00e7\u00f5es integradas da Prefeitura para as comunidades.<\/p>\n\n\n\n<p>\u201cCom esse mapeamento vamos conseguir inserir esses artistas nas nossas pol\u00edticas p\u00fablicas de cultura, apoiando a\u00e7\u00f5es que eles j\u00e1 estejam realizando e criando novas oportunidades. Temos uma cena cultural muito atuante na cidade e grande parte est\u00e1 nas comunidades\u201d, disse a secret\u00e1ria de Cultura, Diana Iliescu.<\/p>\n\n\n\n<p>Entre as a\u00e7\u00f5es que est\u00e3o um concurso de fotografia nas comunidades do Alto da Serra e Independ\u00eancia. \u201cO objetivo \u00e9 desenvolver o sentimento de pertencimento dos moradores e valorizar a a\u00e7\u00e3o desses artistas locais\u201d, comentou a secret\u00e1ria de Cultura.<\/p>\n","protected":false},"excerpt":{"rendered":"<p>Cerca de 70 agentes culturais das regi\u00f5es do Independ\u00eancia e Alto da Serra foram mapeados<\/p>\n","protected":false},"author":2,"featured_media":55111,"comment_status":"open","ping_status":"open","sticky":false,"template":"","format":"standard","meta":{"footnotes":""},"categories":[12,21],"tags":[],"class_list":["post-55110","post","type-post","status-publish","format-standard","has-post-thumbnail","hentry","category-cidade","category-cultura"],"_links":{"self":[{"href":"https:\/\/tvc16.com\/portal\/wp-json\/wp\/v2\/posts\/55110","targetHints":{"allow":["GET"]}}],"collection":[{"href":"https:\/\/tvc16.com\/portal\/wp-json\/wp\/v2\/posts"}],"about":[{"href":"https:\/\/tvc16.com\/portal\/wp-json\/wp\/v2\/types\/post"}],"author":[{"embeddable":true,"href":"https:\/\/tvc16.com\/portal\/wp-json\/wp\/v2\/users\/2"}],"replies":[{"embeddable":true,"href":"https:\/\/tvc16.com\/portal\/wp-json\/wp\/v2\/comments?post=55110"}],"version-history":[{"count":1,"href":"https:\/\/tvc16.com\/portal\/wp-json\/wp\/v2\/posts\/55110\/revisions"}],"predecessor-version":[{"id":55112,"href":"https:\/\/tvc16.com\/portal\/wp-json\/wp\/v2\/posts\/55110\/revisions\/55112"}],"wp:featuredmedia":[{"embeddable":true,"href":"https:\/\/tvc16.com\/portal\/wp-json\/wp\/v2\/media\/55111"}],"wp:attachment":[{"href":"https:\/\/tvc16.com\/portal\/wp-json\/wp\/v2\/media?parent=55110"}],"wp:term":[{"taxonomy":"category","embeddable":true,"href":"https:\/\/tvc16.com\/portal\/wp-json\/wp\/v2\/categories?post=55110"},{"taxonomy":"post_tag","embeddable":true,"href":"https:\/\/tvc16.com\/portal\/wp-json\/wp\/v2\/tags?post=55110"}],"curies":[{"name":"wp","href":"https:\/\/api.w.org\/{rel}","templated":true}]}}