{"id":55113,"date":"2023-03-12T09:00:00","date_gmt":"2023-03-12T12:00:00","guid":{"rendered":"https:\/\/tvc16.com\/portal\/?p=55113"},"modified":"2023-03-11T13:52:33","modified_gmt":"2023-03-11T16:52:33","slug":"petropolis-180-anos-programacao-conta-com-shows-exposicoes-sessao-de-cinema-bolo-e-missa","status":"publish","type":"post","link":"https:\/\/tvc16.com\/portal\/2023\/03\/12\/petropolis-180-anos-programacao-conta-com-shows-exposicoes-sessao-de-cinema-bolo-e-missa\/","title":{"rendered":"Petr\u00f3polis 180 anos: programa\u00e7\u00e3o conta com shows, exposi\u00e7\u00f5es, sess\u00e3o de cinema, bolo e missa"},"content":{"rendered":"\n<p><strong><em>Inaugura\u00e7\u00e3o do novo Centro Administrativo da Prefeitura e entrega do Pr\u00eamio Maestro Guerra-Peixe tamb\u00e9m fazem parte das comemora\u00e7\u00f5es<\/em><\/strong><\/p>\n\n\n\n<p>Uma grande festa para comemorar os 180 anos de funda\u00e7\u00e3o da cidade, celebrado no dia 16 de mar\u00e7o est\u00e1 sendo preparada. Shows, exposi\u00e7\u00f5es, sess\u00e3o de cinema, bolo e missa fazem parte da comemora\u00e7\u00e3o, que tamb\u00e9m conta com a inaugura\u00e7\u00e3o do novo Centro Administrativo da Prefeitura e a entrega do Pr\u00eamio Maestro Guerra-Peixe de Cultura.<\/p>\n\n\n\n<figure class=\"wp-block-image size-full\"><img loading=\"lazy\" decoding=\"async\" width=\"415\" height=\"170\" src=\"https:\/\/tvc16.com\/portal\/wp-content\/uploads\/2023\/03\/praca-da-liberdade.jpg\" alt=\"\" class=\"wp-image-55114\" srcset=\"https:\/\/tvc16.com\/portal\/wp-content\/uploads\/2023\/03\/praca-da-liberdade.jpg 415w, https:\/\/tvc16.com\/portal\/wp-content\/uploads\/2023\/03\/praca-da-liberdade-300x123.jpg 300w\" sizes=\"auto, (max-width: 415px) 100vw, 415px\" \/><\/figure>\n\n\n\n<p>A programa\u00e7\u00e3o come\u00e7a na ter\u00e7a-feira, dia 14, e vai at\u00e9 domingo (19). As atividades acontecem em v\u00e1rios pontos da cidade, passando pelas pra\u00e7as da Liberdade e Dom Pedro, Casa de Petr\u00f3polis, museus Imperial e Casa do Colono, Obelisco, Centro de Cultura Raul de Leoni, Rel\u00f3gio das Flores, Pra\u00e7a 14 Bis, Trevo de Bonsucesso e Catedral S\u00e3o Pedro de Alc\u00e2ntara.<\/p>\n\n\n\n<figure class=\"wp-block-image size-large\"><img loading=\"lazy\" decoding=\"async\" width=\"1024\" height=\"536\" src=\"https:\/\/tvc16.com\/portal\/wp-content\/uploads\/2023\/03\/o-que-fazer-em-petropolis-1-1024x536.jpg\" alt=\"\" class=\"wp-image-55115\" srcset=\"https:\/\/tvc16.com\/portal\/wp-content\/uploads\/2023\/03\/o-que-fazer-em-petropolis-1-1024x536.jpg 1024w, https:\/\/tvc16.com\/portal\/wp-content\/uploads\/2023\/03\/o-que-fazer-em-petropolis-1-300x157.jpg 300w, https:\/\/tvc16.com\/portal\/wp-content\/uploads\/2023\/03\/o-que-fazer-em-petropolis-1-768x402.jpg 768w, https:\/\/tvc16.com\/portal\/wp-content\/uploads\/2023\/03\/o-que-fazer-em-petropolis-1.jpg 1320w\" sizes=\"auto, (max-width: 1024px) 100vw, 1024px\" \/><\/figure>\n\n\n\n<p>No dia do anivers\u00e1rio da cidade, a programa\u00e7\u00e3o come\u00e7a \u00e0s 9h com missa na Catedral S\u00e3o Pedro de Alc\u00e2ntara. \u00c0s 11h tem a deposi\u00e7\u00e3o de flores no monumento de Dom Pedro II, na Pra\u00e7a Dom Pedro. No mesmo local acontece o parab\u00e9ns com o corte do bolo e a apresenta\u00e7\u00e3o da banda do 32.\u00ba Batalh\u00e3o de Infantaria Leve \u2013 Batalh\u00e3o Dom Pedro II.<\/p>\n\n\n\n<p>A programa\u00e7\u00e3o continua \u00e0s 13h com apresenta\u00e7\u00e3o da Orquestra Sinf\u00f4nica Jovem do Rio de Janeiro na Pra\u00e7a da Liberdade. \u00c0s 18h acontece uma proje\u00e7\u00e3o dos 180 anos no Obelisco e a partir das 20h tem show da cantora Mabi, na Pra\u00e7a da Liberdade. Toda a programa\u00e7\u00e3o \u00e9 gratuita e ser\u00e1 divulgada nas redes sociais da Prefeitura.<\/p>\n\n\n\n<p>\u201cTeremos v\u00e1rias programa\u00e7\u00f5es culturais gratuitas para atender nossa popula\u00e7\u00e3o, com destaque para o show do mestre da m\u00fasica brasileira, Jards Macal\u00e9 que est\u00e1 comemorando 80 anos, em show na Casa de Petr\u00f3polis dia 15. Depois de tr\u00eas anos, vamos voltar a entregar presencialmente o Pr\u00eamio Maestro Guerra Peixe de Cultura no s\u00e1bado, dia 18. E teremos ainda exposi\u00e7\u00f5es sobre Petr\u00f3polis no Museu Imperial e no Centro de Cultura\u201d, destacou a secret\u00e1ria de Cultura, Diana Iliescu.<\/p>\n","protected":false},"excerpt":{"rendered":"<p>Inaugura\u00e7\u00e3o do novo Centro Administrativo da Prefeitura e entrega do Pr\u00eamio Maestro Guerra-Peixe tamb\u00e9m fazem<\/p>\n","protected":false},"author":2,"featured_media":40262,"comment_status":"open","ping_status":"open","sticky":true,"template":"","format":"standard","meta":{"footnotes":""},"categories":[12,21,264,18,19,118],"tags":[],"class_list":["post-55113","post","type-post","status-publish","format-standard","has-post-thumbnail","hentry","category-cidade","category-cultura","category-destaque","category-economia","category-educacao","category-programacao"],"_links":{"self":[{"href":"https:\/\/tvc16.com\/portal\/wp-json\/wp\/v2\/posts\/55113","targetHints":{"allow":["GET"]}}],"collection":[{"href":"https:\/\/tvc16.com\/portal\/wp-json\/wp\/v2\/posts"}],"about":[{"href":"https:\/\/tvc16.com\/portal\/wp-json\/wp\/v2\/types\/post"}],"author":[{"embeddable":true,"href":"https:\/\/tvc16.com\/portal\/wp-json\/wp\/v2\/users\/2"}],"replies":[{"embeddable":true,"href":"https:\/\/tvc16.com\/portal\/wp-json\/wp\/v2\/comments?post=55113"}],"version-history":[{"count":1,"href":"https:\/\/tvc16.com\/portal\/wp-json\/wp\/v2\/posts\/55113\/revisions"}],"predecessor-version":[{"id":55116,"href":"https:\/\/tvc16.com\/portal\/wp-json\/wp\/v2\/posts\/55113\/revisions\/55116"}],"wp:featuredmedia":[{"embeddable":true,"href":"https:\/\/tvc16.com\/portal\/wp-json\/wp\/v2\/media\/40262"}],"wp:attachment":[{"href":"https:\/\/tvc16.com\/portal\/wp-json\/wp\/v2\/media?parent=55113"}],"wp:term":[{"taxonomy":"category","embeddable":true,"href":"https:\/\/tvc16.com\/portal\/wp-json\/wp\/v2\/categories?post=55113"},{"taxonomy":"post_tag","embeddable":true,"href":"https:\/\/tvc16.com\/portal\/wp-json\/wp\/v2\/tags?post=55113"}],"curies":[{"name":"wp","href":"https:\/\/api.w.org\/{rel}","templated":true}]}}