{"id":55123,"date":"2023-03-12T07:00:00","date_gmt":"2023-03-12T10:00:00","guid":{"rendered":"https:\/\/tvc16.com\/portal\/?p=55123"},"modified":"2023-03-11T16:16:26","modified_gmt":"2023-03-11T19:16:26","slug":"a-pedido-de-bernardo-rossi-tecnicos-avaliam-implantacao-de-seguranca-presente-em-petropolis","status":"publish","type":"post","link":"https:\/\/tvc16.com\/portal\/2023\/03\/12\/a-pedido-de-bernardo-rossi-tecnicos-avaliam-implantacao-de-seguranca-presente-em-petropolis\/","title":{"rendered":"A pedido de Bernardo Rossi, t\u00e9cnicos avaliam implanta\u00e7\u00e3o de Seguran\u00e7a Presente em Petr\u00f3polis"},"content":{"rendered":"\n<p><em>Visita t\u00e9cnica foi feita na sexta-feira pelo coordenador do projeto do governo do Estado<\/em><\/p>\n\n\n\n<p>T\u00e9cnicos do Programa Seguran\u00e7a Presente estiveram em Petr\u00f3polis na manh\u00e3 de sexta-feira, 10\/03, avaliando pontos estrat\u00e9gicos para a implanta\u00e7\u00e3o do programa na cidade. A visita t\u00e9cnica atende a um pedido do deputado estadual Bernardo Rossi, que requisitou o refor\u00e7o na seguran\u00e7a da cidade ao governador Cl\u00e1udio Castro. O Seguran\u00e7a Presente \u00e9 um modelo de abordagem de proximidade que complementa a atua\u00e7\u00e3o da Pol\u00edcia Militar do Estado do Rio de Janeiro. Com o objetivo de promover a\u00e7\u00f5es de seguran\u00e7a p\u00fablica, cidadania e atendimento social, as opera\u00e7\u00f5es visam um ambiente mais seguro e acolhedor aos moradores, comerciantes e turistas das regi\u00f5es onde atua.<\/p>\n\n\n\n<figure class=\"wp-block-image size-large\"><img loading=\"lazy\" decoding=\"async\" width=\"1024\" height=\"703\" src=\"https:\/\/tvc16.com\/portal\/wp-content\/uploads\/2023\/03\/WhatsApp-Image-2023-03-11-at-15.20.49-1-1024x703.jpeg\" alt=\"\" class=\"wp-image-55125\" srcset=\"https:\/\/tvc16.com\/portal\/wp-content\/uploads\/2023\/03\/WhatsApp-Image-2023-03-11-at-15.20.49-1-1024x703.jpeg 1024w, https:\/\/tvc16.com\/portal\/wp-content\/uploads\/2023\/03\/WhatsApp-Image-2023-03-11-at-15.20.49-1-300x206.jpeg 300w, https:\/\/tvc16.com\/portal\/wp-content\/uploads\/2023\/03\/WhatsApp-Image-2023-03-11-at-15.20.49-1-768x527.jpeg 768w, https:\/\/tvc16.com\/portal\/wp-content\/uploads\/2023\/03\/WhatsApp-Image-2023-03-11-at-15.20.49-1.jpeg 1066w\" sizes=\"auto, (max-width: 1024px) 100vw, 1024px\" \/><\/figure>\n\n\n\n<p>\u201cO Major Const\u00e2ncio, coordenador do Seguran\u00e7a Presente, est\u00e1 em Petr\u00f3polis hoje (sexta) para fazer a avalia\u00e7\u00e3o t\u00e9cnica que ir\u00e1 determinar como o projeto ir\u00e1 funcionar em nossa cidade. Agrade\u00e7o ao governador Cl\u00e1udio Castro, que prontamente acolheu a demanda que apresentamos, reafirmando a aten\u00e7\u00e3o e cuidado com a nossa Petr\u00f3polis\u201d, assinala o deputado Bernardo Rossi, que agradece tamb\u00e9m ao apoio do secret\u00e1rio de Governo, Chico Machado.<\/p>\n\n\n\n<figure class=\"wp-block-image size-large\"><img loading=\"lazy\" decoding=\"async\" width=\"1024\" height=\"640\" src=\"https:\/\/tvc16.com\/portal\/wp-content\/uploads\/2023\/03\/WhatsApp-Image-2023-03-11-at-15.20.50-1024x640.jpeg\" alt=\"\" class=\"wp-image-55126\" srcset=\"https:\/\/tvc16.com\/portal\/wp-content\/uploads\/2023\/03\/WhatsApp-Image-2023-03-11-at-15.20.50-1024x640.jpeg 1024w, https:\/\/tvc16.com\/portal\/wp-content\/uploads\/2023\/03\/WhatsApp-Image-2023-03-11-at-15.20.50-300x188.jpeg 300w, https:\/\/tvc16.com\/portal\/wp-content\/uploads\/2023\/03\/WhatsApp-Image-2023-03-11-at-15.20.50-768x480.jpeg 768w, https:\/\/tvc16.com\/portal\/wp-content\/uploads\/2023\/03\/WhatsApp-Image-2023-03-11-at-15.20.50.jpeg 1200w\" sizes=\"auto, (max-width: 1024px) 100vw, 1024px\" \/><\/figure>\n\n\n\n<p>O coordenador do Seguran\u00e7a Presente, Major Const\u00e2ncio, explica que as opera\u00e7\u00f5es contam com equipes de 18 policiais \u2013 14 atuando nas ruas e quatro na coordena\u00e7\u00e3o. O efetivo \u00e9 distribu\u00eddo em duas viaturas de passeio, seis motos, al\u00e9m de uma dupla para ronda \u00e0 p\u00e9 ou de bicicleta. As opera\u00e7\u00f5es tamb\u00e9m contam com uma van, utilizada como base avan\u00e7ada.<\/p>\n\n\n\n<p>\u201cAs opera\u00e7\u00f5es do Seguran\u00e7a Presente s\u00e3o voltadas \u00e0s regi\u00f5es com grande fluxo de pessoas, \u00e1reas comerciais e tur\u00edsticas. \u00c9 um modelo de abordagem de proximidade, que alcan\u00e7a \u00edndices muito positivos, com redu\u00e7\u00e3o estat\u00edstica de criminalidade entre 70% e 80%\u201d, explica Major Const\u00e2ncio.<\/p>\n\n\n\n<p>A inten\u00e7\u00e3o em Petr\u00f3polis \u00e9 de que o trabalho comece no Centro da cidade, podendo ser estendido posteriormente ao distrito de Itaipava e bairros.<\/p>\n","protected":false},"excerpt":{"rendered":"<p>Visita t\u00e9cnica foi feita na sexta-feira pelo coordenador do projeto do governo do Estado T\u00e9cnicos<\/p>\n","protected":false},"author":2,"featured_media":55124,"comment_status":"open","ping_status":"open","sticky":true,"template":"","format":"standard","meta":{"footnotes":""},"categories":[12,264,15],"tags":[],"class_list":["post-55123","post","type-post","status-publish","format-standard","has-post-thumbnail","hentry","category-cidade","category-destaque","category-politica"],"_links":{"self":[{"href":"https:\/\/tvc16.com\/portal\/wp-json\/wp\/v2\/posts\/55123","targetHints":{"allow":["GET"]}}],"collection":[{"href":"https:\/\/tvc16.com\/portal\/wp-json\/wp\/v2\/posts"}],"about":[{"href":"https:\/\/tvc16.com\/portal\/wp-json\/wp\/v2\/types\/post"}],"author":[{"embeddable":true,"href":"https:\/\/tvc16.com\/portal\/wp-json\/wp\/v2\/users\/2"}],"replies":[{"embeddable":true,"href":"https:\/\/tvc16.com\/portal\/wp-json\/wp\/v2\/comments?post=55123"}],"version-history":[{"count":1,"href":"https:\/\/tvc16.com\/portal\/wp-json\/wp\/v2\/posts\/55123\/revisions"}],"predecessor-version":[{"id":55127,"href":"https:\/\/tvc16.com\/portal\/wp-json\/wp\/v2\/posts\/55123\/revisions\/55127"}],"wp:featuredmedia":[{"embeddable":true,"href":"https:\/\/tvc16.com\/portal\/wp-json\/wp\/v2\/media\/55124"}],"wp:attachment":[{"href":"https:\/\/tvc16.com\/portal\/wp-json\/wp\/v2\/media?parent=55123"}],"wp:term":[{"taxonomy":"category","embeddable":true,"href":"https:\/\/tvc16.com\/portal\/wp-json\/wp\/v2\/categories?post=55123"},{"taxonomy":"post_tag","embeddable":true,"href":"https:\/\/tvc16.com\/portal\/wp-json\/wp\/v2\/tags?post=55123"}],"curies":[{"name":"wp","href":"https:\/\/api.w.org\/{rel}","templated":true}]}}