{"id":55128,"date":"2023-03-11T16:36:43","date_gmt":"2023-03-11T19:36:43","guid":{"rendered":"https:\/\/tvc16.com\/portal\/?p=55128"},"modified":"2023-03-11T16:36:44","modified_gmt":"2023-03-11T19:36:44","slug":"vitimas-do-desabamento-no-gentio-vao-receber-aluguel-social","status":"publish","type":"post","link":"https:\/\/tvc16.com\/portal\/2023\/03\/11\/vitimas-do-desabamento-no-gentio-vao-receber-aluguel-social\/","title":{"rendered":"V\u00edtimas do desabamento no Gentio v\u00e3o receber Aluguel Social"},"content":{"rendered":"\n<p>As fam\u00edlias atingidas pela queda de um im\u00f3vel no Gentio, em Itaipava, ocorrida na madrugada deste s\u00e1bado, 11, receber\u00e3o aluguel social da Prefeitura. A medida foi anunciada pelo prefeito Rubens Bomtempo, em visita ao local atingido nesta manh\u00e3 e ap\u00f3s se reunir com os moradores.<\/p>\n\n\n\n<figure class=\"wp-block-image size-large\"><img loading=\"lazy\" decoding=\"async\" width=\"682\" height=\"1024\" src=\"https:\/\/tvc16.com\/portal\/wp-content\/uploads\/2023\/03\/WhatsApp-Image-2023-03-11-at-12.30.29-682x1024.jpeg\" alt=\"\" class=\"wp-image-55130\" srcset=\"https:\/\/tvc16.com\/portal\/wp-content\/uploads\/2023\/03\/WhatsApp-Image-2023-03-11-at-12.30.29-682x1024.jpeg 682w, https:\/\/tvc16.com\/portal\/wp-content\/uploads\/2023\/03\/WhatsApp-Image-2023-03-11-at-12.30.29-200x300.jpeg 200w, https:\/\/tvc16.com\/portal\/wp-content\/uploads\/2023\/03\/WhatsApp-Image-2023-03-11-at-12.30.29-768x1152.jpeg 768w, https:\/\/tvc16.com\/portal\/wp-content\/uploads\/2023\/03\/WhatsApp-Image-2023-03-11-at-12.30.29.jpeg 853w\" sizes=\"auto, (max-width: 682px) 100vw, 682px\" \/><\/figure>\n\n\n\n<p>N\u00e3o houve v\u00edtimas fatais. Na resid\u00eancia, moravam oito pessoas. As fam\u00edlias afetadas, al\u00e9m do aluguel social, receber\u00e3o fog\u00e3o, geladeira, guarda-roupa, botij\u00e3o de g\u00e1s, ara que tenham uma estrutura m\u00ednima para recome\u00e7ar.<\/p>\n\n\n\n<figure class=\"wp-block-image size-large\"><img loading=\"lazy\" decoding=\"async\" width=\"682\" height=\"1024\" src=\"https:\/\/tvc16.com\/portal\/wp-content\/uploads\/2023\/03\/WhatsApp-Image-2023-03-11-at-12.30.29-1-682x1024.jpeg\" alt=\"\" class=\"wp-image-55131\" srcset=\"https:\/\/tvc16.com\/portal\/wp-content\/uploads\/2023\/03\/WhatsApp-Image-2023-03-11-at-12.30.29-1-682x1024.jpeg 682w, https:\/\/tvc16.com\/portal\/wp-content\/uploads\/2023\/03\/WhatsApp-Image-2023-03-11-at-12.30.29-1-200x300.jpeg 200w, https:\/\/tvc16.com\/portal\/wp-content\/uploads\/2023\/03\/WhatsApp-Image-2023-03-11-at-12.30.29-1-768x1152.jpeg 768w, https:\/\/tvc16.com\/portal\/wp-content\/uploads\/2023\/03\/WhatsApp-Image-2023-03-11-at-12.30.29-1.jpeg 853w\" sizes=\"auto, (max-width: 682px) 100vw, 682px\" \/><\/figure>\n\n\n\n<p>Os secret\u00e1rios Gil Kempers (Defesa Civil), Fernando Ara\u00fajo (Assist\u00eancia Social) e Marcus S\u00e3o Thiago (Articula\u00e7\u00e3o Institucional), o vereador Gil Magno e t\u00e9cnicos da Defesa Civil e da Assist\u00eancia Social, estiveram no local. Estes, para definir o n\u00famero de im\u00f3veis interditados e a quantidade de alugu\u00e9is sociais.<\/p>\n\n\n\n<figure class=\"wp-block-image size-large\"><img loading=\"lazy\" decoding=\"async\" width=\"682\" height=\"1024\" src=\"https:\/\/tvc16.com\/portal\/wp-content\/uploads\/2023\/03\/WhatsApp-Image-2023-03-11-at-12.30.28-682x1024.jpeg\" alt=\"\" class=\"wp-image-55132\" srcset=\"https:\/\/tvc16.com\/portal\/wp-content\/uploads\/2023\/03\/WhatsApp-Image-2023-03-11-at-12.30.28-682x1024.jpeg 682w, https:\/\/tvc16.com\/portal\/wp-content\/uploads\/2023\/03\/WhatsApp-Image-2023-03-11-at-12.30.28-200x300.jpeg 200w, https:\/\/tvc16.com\/portal\/wp-content\/uploads\/2023\/03\/WhatsApp-Image-2023-03-11-at-12.30.28-768x1152.jpeg 768w, https:\/\/tvc16.com\/portal\/wp-content\/uploads\/2023\/03\/WhatsApp-Image-2023-03-11-at-12.30.28.jpeg 853w\" sizes=\"auto, (max-width: 682px) 100vw, 682px\" \/><\/figure>\n\n\n\n<p>Para o secret\u00e1rio de Prote\u00e7\u00e3o e Defesa Civil, Gil Kempers:  \u201cHouve um erro construtivo, que afetou tamb\u00e9m uma segunda casa. Nossa equipe t\u00e9cnica est\u00e1 no local para avaliar com precis\u00e3o a situa\u00e7\u00e3o e definir as pr\u00f3ximas medidas. \u00c9 importante salientar que o acidente n\u00e3o teve qualquer rela\u00e7\u00e3o com a chuva, uma vez que n\u00e3o houve registro para o local\u201d.<\/p>\n","protected":false},"excerpt":{"rendered":"<p>As fam\u00edlias atingidas pela queda de um im\u00f3vel no Gentio, em Itaipava, ocorrida na madrugada<\/p>\n","protected":false},"author":2,"featured_media":55129,"comment_status":"open","ping_status":"open","sticky":true,"template":"","format":"standard","meta":{"footnotes":""},"categories":[12,264],"tags":[],"class_list":["post-55128","post","type-post","status-publish","format-standard","has-post-thumbnail","hentry","category-cidade","category-destaque"],"_links":{"self":[{"href":"https:\/\/tvc16.com\/portal\/wp-json\/wp\/v2\/posts\/55128","targetHints":{"allow":["GET"]}}],"collection":[{"href":"https:\/\/tvc16.com\/portal\/wp-json\/wp\/v2\/posts"}],"about":[{"href":"https:\/\/tvc16.com\/portal\/wp-json\/wp\/v2\/types\/post"}],"author":[{"embeddable":true,"href":"https:\/\/tvc16.com\/portal\/wp-json\/wp\/v2\/users\/2"}],"replies":[{"embeddable":true,"href":"https:\/\/tvc16.com\/portal\/wp-json\/wp\/v2\/comments?post=55128"}],"version-history":[{"count":1,"href":"https:\/\/tvc16.com\/portal\/wp-json\/wp\/v2\/posts\/55128\/revisions"}],"predecessor-version":[{"id":55133,"href":"https:\/\/tvc16.com\/portal\/wp-json\/wp\/v2\/posts\/55128\/revisions\/55133"}],"wp:featuredmedia":[{"embeddable":true,"href":"https:\/\/tvc16.com\/portal\/wp-json\/wp\/v2\/media\/55129"}],"wp:attachment":[{"href":"https:\/\/tvc16.com\/portal\/wp-json\/wp\/v2\/media?parent=55128"}],"wp:term":[{"taxonomy":"category","embeddable":true,"href":"https:\/\/tvc16.com\/portal\/wp-json\/wp\/v2\/categories?post=55128"},{"taxonomy":"post_tag","embeddable":true,"href":"https:\/\/tvc16.com\/portal\/wp-json\/wp\/v2\/tags?post=55128"}],"curies":[{"name":"wp","href":"https:\/\/api.w.org\/{rel}","templated":true}]}}