{"id":55137,"date":"2023-03-11T18:14:32","date_gmt":"2023-03-11T21:14:32","guid":{"rendered":"https:\/\/tvc16.com\/portal\/?p=55137"},"modified":"2023-03-11T18:14:33","modified_gmt":"2023-03-11T21:14:33","slug":"equipe-prf-nk9-alcanca-o-segundo-lugar-em-competicao-de-faro-a-explosivo-e-entorpecentes","status":"publish","type":"post","link":"https:\/\/tvc16.com\/portal\/2023\/03\/11\/equipe-prf-nk9-alcanca-o-segundo-lugar-em-competicao-de-faro-a-explosivo-e-entorpecentes\/","title":{"rendered":"Equipe PRF NK9 alcan\u00e7a o segundo lugar em competi\u00e7\u00e3o de faro a Explosivo e Entorpecentes"},"content":{"rendered":"\n<p>Nesta sexta-feira, 10, a equipe formada pelo Condutor PRF C. Santiago e a cadela Venena, se consagrou com o vice-campeonato na competi\u00e7\u00e3o de Faro do 1\u00b0 Batalh\u00e3o de Pol\u00edcia do Ex\u00e9rcito na cidade do Rio de Janeiro.<\/p>\n\n\n\n<p>Venena est\u00e1 em atividade no N\u00facleo de Opera\u00e7\u00f5es com C\u00e3es desde 2019, hoje com 4 anos, j\u00e1 participou de diversas opera\u00e7\u00f5es com seu Condutor C. Santiago. Muitas apreens\u00f5es de entorpecentes, grande quantidade de muni\u00e7\u00f5es e armamentos deixaram de entrar em nosso Estado fruto do excelente trabalho desta dupla de agentes.<\/p>\n\n\n\n<p>Na disputa do campeonato, participaram 16 equipes das mais diferentes for\u00e7as federais e estaduais, todos com excel\u00eancia na atividade policial. O sucesso tanto na atividade de fiscaliza\u00e7\u00e3o em nossas rodovias como em competi\u00e7\u00f5es de nosso NK9 se d\u00e1 pelo trabalho constante&nbsp; e cuidados incans\u00e1veis&nbsp; de todos os policiais que trabalham h\u00e0 anos na forma\u00e7\u00e3o e condu\u00e7\u00e3o destes agentes especiais.<\/p>\n\n\n\n<p>A PRF-RJ fez um especial agradecimento ao PRF aposentado SARTORI que deu in\u00edcio a esta jornada e a corpora\u00e7\u00e3o expressou muito orgulho de ter em seu efetivo, agentes caninos preparados para apoiarem nas fiscaliza\u00e7\u00f5es e alcan\u00e7arem destaques em competi\u00e7\u00f5es, demonstrando que a equipe NK9 merece todo reconhecimento.<\/p>\n","protected":false},"excerpt":{"rendered":"<p>Nesta sexta-feira, 10, a equipe formada pelo Condutor PRF C. Santiago e a cadela Venena,<\/p>\n","protected":false},"author":2,"featured_media":55138,"comment_status":"open","ping_status":"open","sticky":false,"template":"","format":"standard","meta":{"footnotes":""},"categories":[264,17],"tags":[],"class_list":["post-55137","post","type-post","status-publish","format-standard","has-post-thumbnail","hentry","category-destaque","category-outras-noticias"],"_links":{"self":[{"href":"https:\/\/tvc16.com\/portal\/wp-json\/wp\/v2\/posts\/55137","targetHints":{"allow":["GET"]}}],"collection":[{"href":"https:\/\/tvc16.com\/portal\/wp-json\/wp\/v2\/posts"}],"about":[{"href":"https:\/\/tvc16.com\/portal\/wp-json\/wp\/v2\/types\/post"}],"author":[{"embeddable":true,"href":"https:\/\/tvc16.com\/portal\/wp-json\/wp\/v2\/users\/2"}],"replies":[{"embeddable":true,"href":"https:\/\/tvc16.com\/portal\/wp-json\/wp\/v2\/comments?post=55137"}],"version-history":[{"count":1,"href":"https:\/\/tvc16.com\/portal\/wp-json\/wp\/v2\/posts\/55137\/revisions"}],"predecessor-version":[{"id":55139,"href":"https:\/\/tvc16.com\/portal\/wp-json\/wp\/v2\/posts\/55137\/revisions\/55139"}],"wp:featuredmedia":[{"embeddable":true,"href":"https:\/\/tvc16.com\/portal\/wp-json\/wp\/v2\/media\/55138"}],"wp:attachment":[{"href":"https:\/\/tvc16.com\/portal\/wp-json\/wp\/v2\/media?parent=55137"}],"wp:term":[{"taxonomy":"category","embeddable":true,"href":"https:\/\/tvc16.com\/portal\/wp-json\/wp\/v2\/categories?post=55137"},{"taxonomy":"post_tag","embeddable":true,"href":"https:\/\/tvc16.com\/portal\/wp-json\/wp\/v2\/tags?post=55137"}],"curies":[{"name":"wp","href":"https:\/\/api.w.org\/{rel}","templated":true}]}}